{"id":24488,"date":"2012-07-25T01:41:25","date_gmt":"2012-07-25T01:41:25","guid":{"rendered":"http:\/\/www.mixedracestudies.org\/wordpress\/?p=24488"},"modified":"2013-08-31T01:34:07","modified_gmt":"2013-08-31T01:34:07","slug":"brazils-new-racial-politics","status":"publish","type":"post","link":"https:\/\/mixedracestudies.org\/wp\/?p=24488","title":{"rendered":"Brazil&#8217;s New Racial Politics"},"content":{"rendered":"<p><strong><em><a href=\"https:\/\/www.rienner.com\/title\/Brazil_s_New_Racial_Politics\" target=\"_blank\">Brazil&#8217;s New Racial Politics<\/a><\/em><\/strong><\/p>\n<p><a href=\"https:\/\/www.rienner.com\/\" target=\"_blank\">Lynne Rienner Publishers<\/a><br \/>\n2009<br \/>\n251 pages<br \/>\nISBN: 978-1-58826-666-8<\/p>\n<p>Edited by:<\/p>\n<p><strong><a href=\"http:\/\/gia.usf.edu\/faculty\/reiter\/\" target=\"_blank\">Bernd Reiter<\/a><\/strong>, Associate Professor of Political Science<br \/>\n<em>University of South Florida<\/em><\/p>\n<p><strong>Gladys L. Mitchell (<a href=\"http:\/\/www.denison.edu\/academics\/departments\/politicalscience\/gladys.html\" target=\"_blank\">Gladys Mitchell-Walthour<\/a>)<\/strong>, Assistant Professor of Political Science<br \/>\n<em>Denison University, Granville, Ohio<\/em><\/p>\n<p><a href=\"http:\/\/www.denison.edu\/academics\/departments\/politicalscience\/gladys.html\" target=\"_blank\"><img decoding=\"async\" src=\"https:\/\/www.rienner.com\/uploads\/4a380b8af2437.jpg\" border=\"0\" alt=\"\" \/><\/a><\/p>\n<p>As the popular myth of racial equality in Brazil crumbles beneath the weight of current grassroots politics, how will the country redefine itself as a multiethnic nation? <em>Brazil\u2019s New Racial Politics<\/em> captures the myriad questions and problems unleashed by a growing awareness of the ways racism structures Brazilian society.<\/p>\n<p>\u00a0The authors bridge the gap between scholarship and activism as they tackle issues ranging from white privilege to black power, from government policy to popular advocacy, and from historical injustices to recent victories. The result is a rich exploration of the conflicting social realities characterizing Brazil today, as well as their far-reaching political implications.<\/p>\n<p><strong>Contents<\/strong><\/p>\n<ul>\n<li>Foreword\u2014<em>Michael Mitchell<\/em>.<\/li>\n<li>1. <a href=\"https:\/\/www.rienner.com\/uploads\/4ab2aeb4cad4c.pdf\" target=\"_blank\">The New Politics of Race in Brazil<\/a>\u2014<em>Bernd Reiter and Gladys L. Mitchell<\/em>.<\/li>\n<li>BLACK EMPOWERMENT AND WHITE PRIVILEGE.\n<ul>\n<li>2. Whiteness as Capital: Constructing Inclusion and Defending Privilege\u2014<em><em>Bernd\u00a0<\/em> Reiter.<\/em><\/li>\n<li>3. Politicizing Blackness: Afro-Brazilian Color Identification and Candidate Preference\u2014<em>Gladys L. Mitchell<\/em><\/li>\n<li>4. Out of Place: The Experience of the Black Middle Class\u2014<em>Angela Figueiredo<\/em>.<\/li>\n<li>5. The Political Shock of the Year: The Press and the Election of a Black Mayor in S\u00e3o Paulo\u2014<em>Cloves Luiz Pereira Oliveira<\/em>.<\/li>\n<\/ul>\n<\/li>\n<li>AFFIRMATIVE ACTION CONTESTED.\n<ul>\n<li>6. Affirmative Action and Identity\u2014<em>Seth Racusen<\/em>.<\/li>\n<li>7. Opportunities and Challenges for the Afro-Brazilian Movement\u2014<em>M\u00f3nica Trevi\u00f1o Gonz\u00e1lez<\/em>.<\/li>\n<\/ul>\n<\/li>\n<li>THE NEW POLITICS OF BLACK POWER.\n<ul>\n<li>8. Racialized History and Urban Politics: Black Women\u2019s Wisdom in Grassroots Struggles\u2014<em>Keisha-Khan Y. Perry<\/em>.<\/li>\n<li>9. Black NGOs and &#8220;Conscious&#8221; Rap: New Agents of the Antiracism Struggle in Brazil\u2014<em>Sales Augusto dos Santos<\/em>.<\/li>\n<li>10. Power and Black Organizing in Brazil\u2014<em>Fernando Concei\u00e7\u00e3o<\/em>.<\/li>\n<li>11. New Social Activism: University Entry Courses for Black and Poor Students\u2014<em>Renato Emerson dos Santos<\/em>.<\/li>\n<\/ul>\n<\/li>\n<li>CONCLUSION.\n<ul>\n<li>After the Racial Democracy\u2014<em>Bernd Reiter and Gladys L. Mitchell<\/em>.<\/li>\n<\/ul>\n<\/li>\n<\/ul>\n","protected":false},"excerpt":{"rendered":"<p>Brazil&#8217;s New Racial Politics Lynne Rienner Publishers 2009 251 pages ISBN: 978-1-58826-666-8 Edited by: Bernd Reiter, Associate Professor of Political Science University of South Florida Gladys L. Mitchell (Gladys Mitchell-Walthour), Assistant Professor of Political Science Denison University, Granville, Ohio As the popular myth of racial equality in Brazil crumbles beneath the weight of current grassroots [&hellip;]<\/p>\n","protected":false},"author":1,"featured_media":0,"comment_status":"closed","ping_status":"closed","sticky":false,"template":"","format":"standard","meta":{"footnotes":""},"categories":[18,11,83,21,8,26,394],"tags":[11394,8701,11395,11399,11386,11387,11398,307,8981,11397,11400,6995,11396],"class_list":["post-24488","post","type-post","status-publish","format-standard","hentry","category-anthologies","category-books","category-brazil","category-latincarib","category-media-archive","category-politics","category-socialscience","tag-angela-figueiredo","tag-bernd-reiter","tag-cloves-luiz-pereira-oliveira","tag-fernando-conceicao","tag-gladys-l-mitchell","tag-gladys-mitchell-walthour","tag-keisha-khan-y-perry","tag-lynne-rienner-publishers","tag-michael-mitchell","tag-monica-trevino-gonzalez","tag-renato-emerson-dos-santos","tag-sales-augusto-dos-santos","tag-seth-racusen"],"_links":{"self":[{"href":"https:\/\/mixedracestudies.org\/wp\/index.php?rest_route=\/wp\/v2\/posts\/24488","targetHints":{"allow":["GET"]}}],"collection":[{"href":"https:\/\/mixedracestudies.org\/wp\/index.php?rest_route=\/wp\/v2\/posts"}],"about":[{"href":"https:\/\/mixedracestudies.org\/wp\/index.php?rest_route=\/wp\/v2\/types\/post"}],"author":[{"embeddable":true,"href":"https:\/\/mixedracestudies.org\/wp\/index.php?rest_route=\/wp\/v2\/users\/1"}],"replies":[{"embeddable":true,"href":"https:\/\/mixedracestudies.org\/wp\/index.php?rest_route=%2Fwp%2Fv2%2Fcomments&post=24488"}],"version-history":[{"count":0,"href":"https:\/\/mixedracestudies.org\/wp\/index.php?rest_route=\/wp\/v2\/posts\/24488\/revisions"}],"wp:attachment":[{"href":"https:\/\/mixedracestudies.org\/wp\/index.php?rest_route=%2Fwp%2Fv2%2Fmedia&parent=24488"}],"wp:term":[{"taxonomy":"category","embeddable":true,"href":"https:\/\/mixedracestudies.org\/wp\/index.php?rest_route=%2Fwp%2Fv2%2Fcategories&post=24488"},{"taxonomy":"post_tag","embeddable":true,"href":"https:\/\/mixedracestudies.org\/wp\/index.php?rest_route=%2Fwp%2Fv2%2Ftags&post=24488"}],"curies":[{"name":"wp","href":"https:\/\/api.w.org\/{rel}","templated":true}]}}