{"id":27010,"date":"2012-12-19T23:05:25","date_gmt":"2012-12-19T23:05:25","guid":{"rendered":"http:\/\/www.mixedracestudies.org\/wordpress\/?p=27010"},"modified":"2012-12-19T23:07:17","modified_gmt":"2012-12-19T23:07:17","slug":"the-black-middle-africans-mayas-and-spaniards-in-colonial-yucatan-review","status":"publish","type":"post","link":"https:\/\/mixedracestudies.org\/wp\/?p=27010","title":{"rendered":"The Black Middle: Africans, Mayas, and Spaniards in Colonial Yucat\u00e1n (review)"},"content":{"rendered":"<p><strong><em><a href=\"http:\/\/muse.jhu.edu\/journals\/enterprise_and_society\/summary\/v013\/13.4.baskes.html\" target=\"_blank\">The Black Middle: Africans, Mayas, and Spaniards in Colonial Yucat\u00e1n (review)<\/a><\/em><\/strong><\/p>\n<p><a href=\"http:\/\/muse.jhu.edu\/journals\/enterprise_and_society\" target=\"_blank\">Enterprise &amp; Society<\/a><br \/>\n<a href=\"http:\/\/muse.jhu.edu\/journals\/enterprise_and_society\/toc\/ens.13.4.html\" target=\"_blank\">Volume 13, Number 4<\/a>, December 2012<br \/>\npages 932-934<\/p>\n<p><strong><a href=\"http:\/\/history.owu.edu\/generalInformation\/baskes.html\" target=\"_blank\">Jeremy Baskes<\/a><\/strong>, Professor of History<br \/>\n<em>Ohio Wesleyan University, Delaware, Ohio<\/em><\/p>\n<p>Visitors to modern day <a href=\"http:\/\/en.wikipedia.org\/wiki\/Yucat%C3%A1n\" target=\"_blank\">Yucat\u00e1n<\/a> encounter a region rich in indigenous culture; guidebooks extol the grandeur of ancient <a href=\"http:\/\/en.wikipedia.org\/wiki\/Maya_peoples\" target=\"_blank\">Maya kingdoms<\/a> whose ruins still dot the countryside; local populations converse in Maya dialects, proof of Maya cultural survival, despite the centuries of conflict that began with the arrival of Spanish Conquistadors. As <a href=\"http:\/\/history.psu.edu\/directory\/mxr40\" target=\"_blank\">Matthew Restall<\/a> shows in <a href=\"http:\/\/www.sup.org\/book.cgi?isbn=0804749833\" target=\"_blank\">his book<\/a>, however, these images entirely overlook the tremendous role played by people of African descent, who participated in the initial conquest and settlement of the peninsula and then represented a sizeable percentage of its population throughout the colonial era. Indeed, the number of Afro-Yucatecans equaled the combined total of Spaniards and mestizos throughout the centuries, and by 1700 represented about 10 percent of Yucatan\u2019s total population.<\/p>\n<p>Involuntary African migrants arrived to Yucat\u00e1n from the colony\u2019s beginning, but the region\u2019s poverty precluded the use of wide-scale African slavery. As a result, slaves were few in number and greatly exceeded by free Afro-Yucatec\u00e1ns. Furthermore, Mayas did the unskilled labor, often managed by the Afro-Yucatec\u00e1n populations, both free and slave, one example of the \u201cmiddle\u201d role played by the colony\u2019s \u201cblacks.\u201d<\/p>\n<p>One of Restall\u2019s central theses is that Yucat\u00e1n was not a slave society but was a society with slaves, an all-important factor distinguishing the lives of Afro-Yucatec\u00e1ns from, for example, the lives of blacks in the slave society of the American south. Restall goes to great lengths to argue that there existed no coherent ideology of racism in Yucat\u00e1n, rather slaves were viewed as individuals, known by their names, welcomed into Catholic society, integrated into urban occupations, and allowed to marry and have children. Indeed, Restall shows that the line between slave and free was a narrow one, as slaveowners largely treated slaves no differently than they did free people of color, viewing them more as status symbols than labor to exploit. Emancipation in 1829 was not particularly controversial in Yucat\u00e1n; slaves had long enjoyed high rates of manumission and were anyway greatly outnumbered by free Afro-Yucatec\u00e1ns.<\/p>\n<p>Afro-Yucatec\u00e1ns were stationed solidly in the \u201cmiddle\u201d of the society, working for Spaniards as managers in rural and urban enterprises, and even becoming owners of middling level businesses, such as silversmiths, barbers, tailors, and shoemakers, often times after having first served as apprentices to Spaniards. Moving from apprentice to owner demonstrates Afro-Yucatec\u00e1n social mobility, a process also often achieved in Yucat\u00e1n by service in the Pardo militia. Afro-Yucatec\u00e1n companies defended the colony from pirates and enemy naval attacks, earning prestige and income at the same time. In many ways, Restall shows that blacks were in the middle between Spaniards and Mayas.<\/p>\n<p>Yucatec\u00e1ns of African descent also lived in rural areas, especially in the \u201cdome\u201d of Yucat\u00e1n, northwest of <a href=\"http:\/\/en.wikipedia.org\/wiki\/Campeche\" target=\"_blank\">Campeche<\/a>, a region Restall calls \u201cthe colored crescent.\u201d In the countryside, Afro-Yucatec\u00e1ns never formed their own segregated communities, but lived among the Mayas, growing corn and beans on milpas (small plots), becoming fully integrated into village life, marrying Maya spouses, and raising Maya-speaking, Afro-Maya children.<\/p>\n<p><a href=\"http:\/\/www.mixedracestudies.org\/?p=450\" target=\"_blank\"><strong>Miscegenation<\/strong><\/a><strong> was constant and prevalent throughout the colony; <\/strong><a href=\"http:\/\/www.mixedracestudies.org\/?p=451\" target=\"_blank\"><strong>mulattoes<\/strong><\/a><strong> far out-numbered blacks, for example. Restall examines extensively the perception in Yucat\u00e1n of mixed-race \u201ccastas,\u201d concluding that casta categorization was largely ambiguous. An individual classified as mulatto at baptism might later be referred to as mestizo.<\/strong> In any event, such classifications were not too important since \u201ccalidad\u201d (meaning, roughly, status) was determined by a host of traits with race being only one. Prejudice existed, Restall admits, but tended to be directed at individuals whose behavior was deemed dishonorable rather than at any ethnic group as a whole.<\/p>\n<p>A fascinating section, albeit one less well integrated into the book, examines witchcraft, especially healing and love magic. Interestingly, Restall finds that Afro-Yucatec\u00e1ns were no more likely to be accused of black magic than Spaniards. This revelation is important for several&#8230;<\/p>\n","protected":false},"excerpt":{"rendered":"<p>The Black Middle: Africans, Mayas, and Spaniards in Colonial Yucat\u00e1n (review) Enterprise &amp; Society Volume 13, Number 4, December 2012 pages 932-934 Jeremy Baskes, Professor of History Ohio Wesleyan University, Delaware, Ohio Visitors to modern day Yucat\u00e1n encounter a region rich in indigenous culture; guidebooks extol the grandeur of ancient Maya kingdoms whose ruins still [&hellip;]<\/p>\n","protected":false},"author":1,"featured_media":0,"comment_status":"closed","ping_status":"closed","sticky":false,"template":"","format":"standard","meta":{"footnotes":""},"categories":[12,5,21,459,8,103],"tags":[4633,2343,13123,13122,8564,13124],"class_list":["post-27010","post","type-post","status-publish","format-standard","hentry","category-articles","category-book-reviews","category-latincarib","category-history","category-media-archive","category-mexico","tag-afro-mexicans","tag-afromexicans","tag-enterprise-society","tag-jeremy-baskes","tag-matthew-restall","tag-yucatan"],"_links":{"self":[{"href":"https:\/\/mixedracestudies.org\/wp\/index.php?rest_route=\/wp\/v2\/posts\/27010","targetHints":{"allow":["GET"]}}],"collection":[{"href":"https:\/\/mixedracestudies.org\/wp\/index.php?rest_route=\/wp\/v2\/posts"}],"about":[{"href":"https:\/\/mixedracestudies.org\/wp\/index.php?rest_route=\/wp\/v2\/types\/post"}],"author":[{"embeddable":true,"href":"https:\/\/mixedracestudies.org\/wp\/index.php?rest_route=\/wp\/v2\/users\/1"}],"replies":[{"embeddable":true,"href":"https:\/\/mixedracestudies.org\/wp\/index.php?rest_route=%2Fwp%2Fv2%2Fcomments&post=27010"}],"version-history":[{"count":0,"href":"https:\/\/mixedracestudies.org\/wp\/index.php?rest_route=\/wp\/v2\/posts\/27010\/revisions"}],"wp:attachment":[{"href":"https:\/\/mixedracestudies.org\/wp\/index.php?rest_route=%2Fwp%2Fv2%2Fmedia&parent=27010"}],"wp:term":[{"taxonomy":"category","embeddable":true,"href":"https:\/\/mixedracestudies.org\/wp\/index.php?rest_route=%2Fwp%2Fv2%2Fcategories&post=27010"},{"taxonomy":"post_tag","embeddable":true,"href":"https:\/\/mixedracestudies.org\/wp\/index.php?rest_route=%2Fwp%2Fv2%2Ftags&post=27010"}],"curies":[{"name":"wp","href":"https:\/\/api.w.org\/{rel}","templated":true}]}}