{"id":31872,"date":"2013-06-21T03:29:51","date_gmt":"2013-06-21T03:29:51","guid":{"rendered":"http:\/\/www.mixedracestudies.org\/wordpress\/?p=31872"},"modified":"2013-06-21T03:29:51","modified_gmt":"2013-06-21T03:29:51","slug":"african-ancestry-of-the-population-of-buenos-aires","status":"publish","type":"post","link":"https:\/\/mixedracestudies.org\/wp\/?p=31872","title":{"rendered":"African ancestry of the population of Buenos Aires"},"content":{"rendered":"<p><strong><em><a href=\"http:\/\/dx.doi.org\/10.1002\/ajpa.20083\" target=\"_blank\">African ancestry of the population of Buenos Aires<\/a><\/em><\/strong><\/p>\n<p><a href=\"http:\/\/onlinelibrary.wiley.com\/journal\/10.1002\/(ISSN)1096-8644\" target=\"_blank\">American Journal of Physical Anthropology<\/a><br \/>\n<a href=\"http:\/\/onlinelibrary.wiley.com\/doi\/10.1002\/ajpa.v128:1\/issuetoc\" target=\"_blank\">Volume 128, Issue 1<\/a><br \/>\npages 164\u2013170, September 2005<br \/>\nDOI: <a href=\"http:\/\/dx.doi.org\/10.1002\/ajpa.20083\" target=\"_blank\">10.1002\/ajpa.20083<\/a><\/p>\n<p><strong><a href=\"mailto:laura.fejerman@bioanth.ox.ac.uk\" target=\"_blank\">Laura Fejerman<\/a><\/strong><br \/>\nInstitute of Biological Anthropology<br \/>\n<em>University of Oxford<\/em><\/p>\n<p><strong>Francisco R. Carnese<br \/>\n<\/strong>Secci\u00f3n Antropolog\u00eda Biol\u00f3gica<br \/>\nInstituto de Ciencias Antropol\u00f3gicas<br \/>\nFacultad de Filosof\u00eda y Letras<br \/>\n<em>Universidad de Buenos Aires<\/em><\/p>\n<p><strong>Alicia S. Goicoechea<\/strong><br \/>\nSecci\u00f3n Antropolog\u00eda Biol\u00f3gica<br \/>\nInstituto de Ciencias Antropol\u00f3gicas<br \/>\nFacultad de Filosof\u00eda y Letras<br \/>\n<em>Universidad de Buenos Aires<\/em><\/p>\n<p><strong>Sergio A. Avena<\/strong><br \/>\nSecci\u00f3n Antropolog\u00eda Biol\u00f3gica<br \/>\nInstituto de Ciencias Antropol\u00f3gicas<br \/>\nFacultad de Filosof\u00eda y Letras<br \/>\n<em>Universidad de Buenos Aires<\/em><\/p>\n<p><strong>Cristina B. Dejean<\/strong><br \/>\nSecci\u00f3n Antropolog\u00eda Biol\u00f3gica<br \/>\nInstituto de Ciencias Antropol\u00f3gicas<br \/>\nFacultad de Filosof\u00eda y Letras<br \/>\n<em>Universidad de Buenos Aires<\/em><\/p>\n<p><strong><a href=\"http:\/\/www.ncbi.nlm.nih.gov\/pmc\/articles\/PMC1180261\/\" target=\"_blank\">Ryk H. Ward<\/a><\/strong> (1943-2003)<br \/>\nInstitute of Biological Anthropology<br \/>\n<em>University of Oxford<\/em><\/p>\n<p>The population of <a href=\"http:\/\/en.wikipedia.org\/wiki\/Argentina\" target=\"_blank\">Argentina<\/a> today does not have a \u201cvisible\u201d black African component. However, censuses conducted during most of the 19th century registered up to 30% of individuals of African origin living in <a href=\"http:\/\/en.wikipedia.org\/wiki\/Buenos_Aires\" target=\"_blank\">Buenos Aires city<\/a>. What has happened to this African influence? Have all individuals of African origin died, as lay people believe? Or is it possible that admixture with the European immigrants made the African influence \u201cinvisible?\u201d We investigated the African contribution to the genetic pool of the population of Buenos Aires, Argentina, typing 12 unlinked autosomal DNA markers in a sample of 90 individuals. The results of this analysis suggest that 2.2% (SEM = 0.9%) of the genetic ancestry of the Buenos Aires population is derived from Africa. Our analysis of individual admixture shows that those alleles that have a high frequency in populations of African origin tend to concentrate among 8 individuals in our sample. Therefore, although the admixture estimate is relatively low, the actual proportion of individuals with at least some African influence is approximately 10%. The evidence we are presenting of African ancestry is consistent with the known historical events that led to the drastic reduction of the Afro-Argentine population during the second half of the 19th century. However, as our results suggest, this reduction did not mean a total disappearance of African genes from the genetic pool of the Buenos Aires population.<\/p>\n<p>Read or purchase the article <a href=\"http:\/\/onlinelibrary.wiley.com\/doi\/10.1002\/ajpa.20083\/pdf\" target=\"_blank\">here<\/a>.<\/p>\n","protected":false},"excerpt":{"rendered":"<p>African ancestry of the population of Buenos Aires American Journal of Physical Anthropology Volume 128, Issue 1 pages 164\u2013170, September 2005 DOI: 10.1002\/ajpa.20083 Laura Fejerman Institute of Biological Anthropology University of Oxford Francisco R. Carnese Secci\u00f3n Antropolog\u00eda Biol\u00f3gica Instituto de Ciencias Antropol\u00f3gicas Facultad de Filosof\u00eda y Letras Universidad de Buenos Aires Alicia S. Goicoechea Secci\u00f3n [&hellip;]<\/p>\n","protected":false},"author":1,"featured_media":0,"comment_status":"closed","ping_status":"closed","sticky":false,"template":"","format":"standard","meta":{"footnotes":""},"categories":[1649,12,21,8],"tags":[14985,14984,1651,676,7398,14988,14989,14939,14938,14983,14990,14991,14986,14987],"class_list":["post-31872","post","type-post","status-publish","format-standard","hentry","category-anthropology","category-articles","category-latincarib","category-media-archive","tag-alicia-goicoechea","tag-alicia-s-goicoechea","tag-american-journal-of-physical-anthropology","tag-argentina","tag-buenos-aires","tag-cristina-b-dejean","tag-cristina-dejean","tag-francisco-carnese","tag-francisco-r-carnese","tag-laura-fejerman","tag-ryk-h-ward","tag-ryk-ward","tag-sergio-a-avena","tag-sergio-avena"],"_links":{"self":[{"href":"https:\/\/mixedracestudies.org\/wp\/index.php?rest_route=\/wp\/v2\/posts\/31872","targetHints":{"allow":["GET"]}}],"collection":[{"href":"https:\/\/mixedracestudies.org\/wp\/index.php?rest_route=\/wp\/v2\/posts"}],"about":[{"href":"https:\/\/mixedracestudies.org\/wp\/index.php?rest_route=\/wp\/v2\/types\/post"}],"author":[{"embeddable":true,"href":"https:\/\/mixedracestudies.org\/wp\/index.php?rest_route=\/wp\/v2\/users\/1"}],"replies":[{"embeddable":true,"href":"https:\/\/mixedracestudies.org\/wp\/index.php?rest_route=%2Fwp%2Fv2%2Fcomments&post=31872"}],"version-history":[{"count":0,"href":"https:\/\/mixedracestudies.org\/wp\/index.php?rest_route=\/wp\/v2\/posts\/31872\/revisions"}],"wp:attachment":[{"href":"https:\/\/mixedracestudies.org\/wp\/index.php?rest_route=%2Fwp%2Fv2%2Fmedia&parent=31872"}],"wp:term":[{"taxonomy":"category","embeddable":true,"href":"https:\/\/mixedracestudies.org\/wp\/index.php?rest_route=%2Fwp%2Fv2%2Fcategories&post=31872"},{"taxonomy":"post_tag","embeddable":true,"href":"https:\/\/mixedracestudies.org\/wp\/index.php?rest_route=%2Fwp%2Fv2%2Ftags&post=31872"}],"curies":[{"name":"wp","href":"https:\/\/api.w.org\/{rel}","templated":true}]}}