{"id":32937,"date":"2013-08-18T19:51:50","date_gmt":"2013-08-18T19:51:50","guid":{"rendered":"http:\/\/www.mixedracestudies.org\/wordpress\/?p=32937"},"modified":"2017-03-31T17:56:41","modified_gmt":"2017-03-31T17:56:41","slug":"a-realidade-da-ficcao-ambiguidades-literarias-e-sociais-em-%e2%80%98o-mulato%e2%80%99-de-aluisio-azevedo-the-reality-of-fiction-literary-and-social-ambiguities-in-%e2%80%9cthe-mulatto%e2%80%9d-by-a","status":"publish","type":"post","link":"https:\/\/mixedracestudies.org\/wp\/?p=32937","title":{"rendered":"A Realidade da Fic\u00e7\u00e3o: Ambiguidades Liter\u00e1rias e Sociais em \u2018O Mulato\u2019 de Alu\u00edsio Azevedo (The Reality of Fiction: Literary and social ambiguities in \u201cThe Mulatto\u201d by Alu\u00edsio Azevedo)"},"content":{"rendered":"<p><strong><em><a href=\"http:\/\/www.alamedaeditorial.com.br\/a-realidade-da-ficcao\/\" target=\"_blank\">A Realidade da Fic\u00e7\u00e3o: Ambiguidades Liter\u00e1rias e Sociais em \u2018O Mulato\u2019 de Alu\u00edsio Azevedo (The Reality of Fiction: Literary and social ambiguities in \u201cThe Mulatto\u201d by Alu\u00edsio Azevedo)<\/a><\/em><\/strong><\/p>\n<p><a href=\"http:\/\/www.alamedaeditorial.com.br\" target=\"_blank\">Alameda Casa Editorial<\/a><br \/>\n2013-03-15<br \/>\n201 pages<br \/>\nISBN: 978-85-7939-169-9<br \/>\nFormat: 21.0 x 14.0 cm<br \/>\nIn Portuguese<\/p>\n<p><strong>Rodrigo Estramanho de Almeida<\/strong>, Professor of Sociology<br \/>\n<em>Funda\u00e7\u00e3o Escola de Sociologia e Pol\u00edtica de S\u00e3o Paulo (FESPSP)<\/em><\/p>\n<p><a href=\"http:\/\/www.alamedaeditorial.com.br\/a-realidade-da-ficcao\/\" target=\"_blank\"><img decoding=\"async\" src=\"http:\/\/www.mixedracestudies.org\/wordpress\/wp-content\/uploads\/2013\/08\/realidade-ficcao.jpg\" alt=\"\" width=\"300\" border=\"0\" \/><\/a><\/p>\n<p>Neste livro fica provado que ainda \u00e9 poss\u00edvel produzir disserta\u00e7\u00f5es nos padr\u00f5es de outros tempos, quando o trabalho acad\u00eamico exigia o dom\u00ednio da l\u00edngua, ampla leitura, revis\u00e3o inteligente do conjunto da obra do autor, enquadramento hist\u00f3rico-social.<\/p>\n<p>Ressalta-se: nem a Literatura, nem a Sociologia foram ofendidas \u2013 o texto liter\u00e1rio foi trabalhado como texto liter\u00e1rio, a Sociologia de acordo com a sua pr\u00f3pria especificidade. Mais ainda, o entrela\u00e7amento da Sociologia com o sociopol\u00edtico, com a abordagem compreensiva das Ci\u00eancias Sociais e com as Ci\u00eancias Humanas (Literatura e Sociedade). Nesse ponto e vista cada vez mais abrangente, ocorre a rela\u00e7\u00e3o entre pensamento social e a estrutura da sociedade brasileira do s\u00e9culo XIX, quando analisa os seus \u201cismos\u201d (naturalismo, positivismo, republicanismo, anticlericalismo, abolicionismo).<\/p>\n<p>A esta s\u00edntese do trabalho de Rodrigo Estramanho de Almeida deve-se agregar a feliz escolha (como conv\u00e9m) de ep\u00edgrafe retirada da obra de Dercy Ribeiro: \u201cPosto entre os dois mundos conflitantes \u2013 o do negro, que ele recha\u00e7a, e o do branco, que o rejeita \u2013 o mulato se humaniza no drama de ser dois, que \u00e9 o ser ningu\u00e9m\u201d.<\/p>\n<p>Trata-se, enfim, de uma bem feita e oportuna contribui\u00e7\u00e3o para o estudo da literatura e sociedade no Brasil.<\/p>\n<p>In this book it is proved that it is still possible to produce dissertations standards of other times, when the academic work required mastery of the language, wide reading, smart revision of the whole work of the author, historical and social framework.<\/p>\n<p>We emphasize: neither literature nor sociology were offended &#8211; the literary text was worked as a literary text, Sociology according to its own specificity. Moreover, the intertwining of Sociology with the sociopolitical, with the comprehensive approach of the Social Sciences and the Humanities (Literature and Society). At this point and looking increasingly comprehensive, is the relationship between thought and social structure of the Brazilian society of the nineteenth century, when considering their &#8220;isms&#8221; (naturalism, positivism, republicanism, anticlericalism, abolitionism).<\/p>\n<p>The synthesis of this work Estramanho Rodrigo de Almeida should be added the happy choice (as it should be) an epigraph taken from the work of Dercy Ribeiro: &#8220;Tour between the two conflicting worlds &#8211; that of the black, which he rejects, and white, the rejects &#8211; the mulatto humanizes the drama to be two, which is to be one.&#8221;<\/p>\n<p>It is, in short, a well made and timely contribution to the study of literature and society in Brazil.<\/p>\n","protected":false},"excerpt":{"rendered":"<p>The synthesis of this work Estramanho Rodrigo de Almeida should be added the happy choice (as it should be) an epigraph taken from the work of Dercy Ribeiro: &#8220;Tour between the two conflicting worlds &#8211; that of the black, which he rejects, and white, the rejects &#8211; the mulatto humanizes the drama to be two, which is to be one.&#8221;<\/p>\n","protected":false},"author":1,"featured_media":0,"comment_status":"closed","ping_status":"closed","sticky":false,"template":"","format":"standard","meta":{"footnotes":""},"categories":[11,83,21,8,17,394],"tags":[15450,485,15451],"class_list":["post-32937","post","type-post","status-publish","format-standard","hentry","category-books","category-brazil","category-latincarib","category-media-archive","category-monographs","category-socialscience","tag-alameda-casa-editorial","tag-aluisio-azevedo","tag-rodrigo-estramanho-de-almeida"],"_links":{"self":[{"href":"https:\/\/mixedracestudies.org\/wp\/index.php?rest_route=\/wp\/v2\/posts\/32937","targetHints":{"allow":["GET"]}}],"collection":[{"href":"https:\/\/mixedracestudies.org\/wp\/index.php?rest_route=\/wp\/v2\/posts"}],"about":[{"href":"https:\/\/mixedracestudies.org\/wp\/index.php?rest_route=\/wp\/v2\/types\/post"}],"author":[{"embeddable":true,"href":"https:\/\/mixedracestudies.org\/wp\/index.php?rest_route=\/wp\/v2\/users\/1"}],"replies":[{"embeddable":true,"href":"https:\/\/mixedracestudies.org\/wp\/index.php?rest_route=%2Fwp%2Fv2%2Fcomments&post=32937"}],"version-history":[{"count":2,"href":"https:\/\/mixedracestudies.org\/wp\/index.php?rest_route=\/wp\/v2\/posts\/32937\/revisions"}],"predecessor-version":[{"id":53146,"href":"https:\/\/mixedracestudies.org\/wp\/index.php?rest_route=\/wp\/v2\/posts\/32937\/revisions\/53146"}],"wp:attachment":[{"href":"https:\/\/mixedracestudies.org\/wp\/index.php?rest_route=%2Fwp%2Fv2%2Fmedia&parent=32937"}],"wp:term":[{"taxonomy":"category","embeddable":true,"href":"https:\/\/mixedracestudies.org\/wp\/index.php?rest_route=%2Fwp%2Fv2%2Fcategories&post=32937"},{"taxonomy":"post_tag","embeddable":true,"href":"https:\/\/mixedracestudies.org\/wp\/index.php?rest_route=%2Fwp%2Fv2%2Ftags&post=32937"}],"curies":[{"name":"wp","href":"https:\/\/api.w.org\/{rel}","templated":true}]}}