{"id":33623,"date":"2014-11-09T17:49:51","date_gmt":"2014-11-09T17:49:51","guid":{"rendered":"http:\/\/www.mixedracestudies.org\/wordpress\/?p=33623"},"modified":"2019-06-19T15:02:12","modified_gmt":"2019-06-19T15:02:12","slug":"mestizo-genomics-race-mixture-nation-and-science-in-latin-america","status":"publish","type":"post","link":"https:\/\/mixedracestudies.org\/wp\/?p=33623","title":{"rendered":"Mestizo Genomics: Race Mixture, Nation, and Science in Latin America"},"content":{"rendered":"<p><strong><em><a href=\"http:\/\/www.dukeupress.edu\/Mestizo-Genomics\/?viewby=subject&amp;categoryid=357\" target=\"_blank\" rel=\"noopener\">Mestizo Genomics: Race Mixture, Nation, and Science in Latin America<\/a><\/em><\/strong><\/p>\n<p><a href=\"http:\/\/www.dukeupress.edu\" target=\"_blank\" rel=\"noopener\">Duke University Press<\/a><br \/>\nApril 2014<br \/>\n320 pages<br \/>\n4 photos, 2 tables, 6 figures<br \/>\nCloth ISBN: 978-0-8223-5648-6<br \/>\nPaperback ISBN: 978-0-8223-5659-2<\/p>\n<p>Edited by:<\/p>\n<p><strong><a href=\"http:\/\/personalpages.manchester.ac.uk\/staff\/peter.wade\/\" target=\"_blank\" rel=\"noopener\">Peter Wade<\/a><\/strong>, Professor of Social Anthropology<br \/>\n<em>University of Manchester<\/em><\/p>\n<p><strong><a href=\"http:\/\/www.filosoficas.unam.mx\/~lbeltran\/\" target=\"_blank\" rel=\"noopener\">Carlos L\u00f3pez Beltr\u00e1n<\/a><\/strong>, Researcher<br \/>\n<em>Instituto de Investigaciones Filos\u00f3ficas, Coyoac\u00e1n, M\u00e9xico, D.F.<\/em><\/p>\n<p><strong><a href=\"http:\/\/ram-wan.academia.edu\/EduardoRestrepo\" target=\"_blank\" rel=\"noopener\">Eduardo Restrepo<\/a><\/strong><br \/>\n<em>Universidad Javeriana, Estudios Culturales<\/em><\/p>\n<p><strong><a href=\"http:\/\/fiocruz.academia.edu\/RicardoVenturaSantos\" target=\"_blank\" rel=\"noopener\">Ricardo Ventura Santos<\/a><\/strong><br \/>\n<em>Funda\u00e7\u00e3o Oswaldo Cruz, Escola Nacional de Sa\u00fade P\u00fablica<br \/>\nUniversidade Federal do Rio de Janeiro (UFRJ)<\/em><\/p>\n<p><a href=\"http:\/\/www.dukeupress.edu\/Mestizo-Genomics\/?viewby=subject&amp;categoryid=357\" target=\"_blank\" rel=\"noopener\"><img decoding=\"async\" src=\"http:\/\/www.dukeupress.edu\/Assets\/Books\/978-0-8223-5659-2_pr.jpg\" alt=\"\" width=\"300\" border=\"0\" \/><\/a><\/p>\n<p>In genetics laboratories in <a href=\"https:\/\/en.wikipedia.org\/wiki\/Latin_America\" target=\"_blank\" rel=\"noopener\">Latin America<\/a>, scientists have been mapping the genomes of local populations, seeking to locate the genetic basis of complex diseases and to trace population histories. As part of their work, geneticists often calculate the European, African, and Amerindian genetic ancestry of populations. Some researchers explicitly connect their findings to questions of national identity and racial and ethnic difference, bringing their research to bear on issues of politics and identity.<\/p>\n<p>Based on <a href=\"https:\/\/en.wikipedia.org\/wiki\/Ethnography\" target=\"_blank\" rel=\"noopener\">ethnographic<\/a> research in <a href=\"https:\/\/en.wikipedia.org\/wiki\/Brazil\" target=\"_blank\" rel=\"noopener\">Brazil<\/a>, <a href=\"https:\/\/en.wikipedia.org\/wiki\/Colombia\" target=\"_blank\" rel=\"noopener\">Colombia<\/a>, and <a href=\"https:\/\/en.wikipedia.org\/wiki\/Mexico\" target=\"_blank\" rel=\"noopener\">Mexico<\/a>, the contributors to <em>Mestizo Genomics <\/em>explore how the concepts of race, ethnicity, nation, and gender enter into and are affected by genomic research. In Latin America, national identities are often based on ideas about <em><a href=\"http:\/\/www.mixedracestudies.org\/?p=14551\" target=\"_blank\" rel=\"noopener\">mestizaje<\/a><\/em> (race mixture), rather than racial division. Since <em>mestizaje<\/em> is said to involve relations between European men and indigenous or African women, gender is a key factor in Latin American genomics and the analyses in this book. Also important are links between contemporary genomics and recent moves toward official multiculturalism in Brazil, Colombia, and Mexico. One of the first studies of its kind, <em>Mestizo Genomics<\/em> sheds new light on the interrelations between &#8220;race,&#8221; identity, and genomics in Latin America.<\/p>\n<p>Contributors: Adriana D\u00edaz del Castillo H., Roosbelinda C\u00e1rdenas, Vivette Garc\u00eda Deister, Verlan Valle Gaspar Neto, Michael Kent, Carlos L\u00f3pez Beltr\u00e1n, Mar\u00eda Fernanda Olarte Sierra, Eduardo Restrepo, Mariana Rios Sandoval, Ernesto Schwartz-Mar\u00edn, Ricardo Ventura Santos, Peter Wade<\/p>\n","protected":false},"excerpt":{"rendered":"<p>Based on ethnographic research in Brazil, Colombia, and Mexico, the contributors to &#8220;Mestizo Genomics&#8221; explore how the concepts of race, ethnicity, nation, and gender enter into and are affected by genomic research.<\/p>\n","protected":false},"author":1,"featured_media":0,"comment_status":"closed","ping_status":"closed","sticky":false,"template":"","format":"standard","meta":{"footnotes":""},"categories":[18,1649,11,83,21,2039,8,103],"tags":[16558,15771,15770,1865,302,15772,16565,16563,16564,16562,1864,8487,8486,16559,16561,16560],"class_list":["post-33623","post","type-post","status-publish","format-standard","hentry","category-anthologies","category-anthropology","category-books","category-brazil","category-latincarib","category-health-medicine","category-media-archive","category-mexico","tag-adriana-diaz-del-castillo-h","tag-carlos-l-beltran","tag-carlos-lopez-beltran","tag-colombia","tag-duke-university-press","tag-eduardo-restrepo","tag-ernesto-schwartz-marin","tag-maria-fernanda-olarte-sierra","tag-mariana-rios-sandoval","tag-michael-kent","tag-peter-wade","tag-ricardo-v-santos","tag-ricardo-ventura-santos","tag-roosbelinda-cardenas","tag-verlan-valle-gaspar-neto","tag-vivette-garcia-deister"],"_links":{"self":[{"href":"https:\/\/mixedracestudies.org\/wp\/index.php?rest_route=\/wp\/v2\/posts\/33623","targetHints":{"allow":["GET"]}}],"collection":[{"href":"https:\/\/mixedracestudies.org\/wp\/index.php?rest_route=\/wp\/v2\/posts"}],"about":[{"href":"https:\/\/mixedracestudies.org\/wp\/index.php?rest_route=\/wp\/v2\/types\/post"}],"author":[{"embeddable":true,"href":"https:\/\/mixedracestudies.org\/wp\/index.php?rest_route=\/wp\/v2\/users\/1"}],"replies":[{"embeddable":true,"href":"https:\/\/mixedracestudies.org\/wp\/index.php?rest_route=%2Fwp%2Fv2%2Fcomments&post=33623"}],"version-history":[{"count":2,"href":"https:\/\/mixedracestudies.org\/wp\/index.php?rest_route=\/wp\/v2\/posts\/33623\/revisions"}],"predecessor-version":[{"id":58361,"href":"https:\/\/mixedracestudies.org\/wp\/index.php?rest_route=\/wp\/v2\/posts\/33623\/revisions\/58361"}],"wp:attachment":[{"href":"https:\/\/mixedracestudies.org\/wp\/index.php?rest_route=%2Fwp%2Fv2%2Fmedia&parent=33623"}],"wp:term":[{"taxonomy":"category","embeddable":true,"href":"https:\/\/mixedracestudies.org\/wp\/index.php?rest_route=%2Fwp%2Fv2%2Fcategories&post=33623"},{"taxonomy":"post_tag","embeddable":true,"href":"https:\/\/mixedracestudies.org\/wp\/index.php?rest_route=%2Fwp%2Fv2%2Ftags&post=33623"}],"curies":[{"name":"wp","href":"https:\/\/api.w.org\/{rel}","templated":true}]}}