{"id":34912,"date":"2013-12-02T22:24:34","date_gmt":"2013-12-02T22:24:34","guid":{"rendered":"http:\/\/www.mixedracestudies.org\/wordpress\/?p=34912"},"modified":"2016-11-02T15:58:48","modified_gmt":"2016-11-02T15:58:48","slug":"scripts-of-blackness-and-the-racial-dynamics-of-nationalism-in-puerto-rico","status":"publish","type":"post","link":"https:\/\/mixedracestudies.org\/wp\/?p=34912","title":{"rendered":"Scripts of Blackness and the Racial Dynamics of Nationalism in Puerto Rico"},"content":{"rendered":"<p><strong><em><a href=\"http:\/\/webs.oss.cayey.upr.edu\/iii\/sites\/webs.oss.cayey.upr.edu.iii\/files\/u1\/Cuaderno_6.pdf\" target=\"_blank\">Scripts of Blackness and the Racial Dynamics of Nationalism in Puerto Rico<\/a><\/em><\/strong><\/p>\n<p>Papers of the Institute for Interdisciplinary Research<br \/>\nUniversity of Puerto Rico, Cayey<br \/>\nVolume 6 (2009)<br \/>\n38 pages<\/p>\n<p><strong><a href=\"http:\/\/www.cayey.upr.edu\/iii\/node\/157\" target=\"_blank\">Dr. Isar P. Godreau<\/a><\/strong><br \/>\nInstitute of Interdisciplinary Research<br \/>\n<em>University of Puerto Rico, Cayey<\/em><\/p>\n<p>National identity, no matter how differently defined, is often constructed through claims to heritage, &#8220;roots,&#8221; tradition, and descent. In the Western World, these claims, almost inevitably allude to questions of \u201crace.\u201d In Puerto Rico, it is the mixture of the Spanish, the <a href=\"http:\/\/en.wikipedia.org\/wiki\/Ta%C3%ADno_people\" target=\"_blank\"><em>Ta\u00edno<\/em> Indian<\/a>, and the African, which come to epitomize the racial\/traditional substance out of which \u201cthe nation\u201d is constructed, defended, and naturalized.<\/p>\n<p>This mixture is often represented by images, statues, murals across the island that display the three racialized representatives, as the precursors of the modern, racially mixed Puerto Rican man or woman. (See Fig. 1).<\/p>\n<p>The Ta\u00edno, Spaniard and African \u201croots\u201d depicted in this national imagery, represent heritage symbols. They do not stand for contemporary ethnic constituencies, such as \u201cAfro-Puerto Ricans\u201d, \u201cIndo-Puerto Ricans\u201d or \u201cEuro-Puerto Ricans.\u201d Rather they are commonly understood as origin groups (roots) \u2013 that mixed during the period of Spanish colonization to conform \u201clo <em>Puertorrique\u00f1o<\/em>\u201d in the present. As the mural says: \u201c<em>Tres Razas: Una Cultura<\/em>.\u201d<\/p>\n<p>My book-project examines the different meanings Puerto Rican people\u2014namely, intellectuals, politicians, government officials, and community residents\u2014attribute to the black component of that mixture in their on-going process of constructing a Puerto Rican national identity.<\/p>\n<p>Unlike the concept of <em><a href=\"http:\/\/www.mixedracestudies.org\/?p=14551\" target=\"_blank\">mestizaje<\/a><\/em> developed in many countries of mainland Latin America, blackness is not completely erased or excluded in discourses about the nation in Puerto Rico. Notions of race-mixture in Puerto Rico are more similar to those that developed in Brazil or Cuba where blackness is simultaneously excluded but also strategically included in the contemporary narrative of nation. Scholarship on race and racism in Afro-Latin America has made clear that the implicit goal of this narrative of mixture is whitening or <em><a href=\"http:\/\/www.mixedracestudies.org\/?p=34892\" target=\"_blank\">blanqueamiento<\/a><\/em>. Perhaps, the most obvious evidence of the prevalence of the ideology of <em>blanqueamiento<\/em> in Puerto Rico is the 2000 census, as only 8% of Puerto Ricans living in the Island declared themselves to be black, while an overwhelming majority of 80.5% identified themselves as white (U.S. Bureau of the Census, 2000). Elsewhere (Godreau 2008) I discuss how these results evidence popular understandings of whiteness as an inclusive, flexible, category that can encompass mixture and blackness as an undesirable category that is understood as extreme and pure, not mixed enough. In any case, the point is that\u2014despite the rhetorical inclusion of an African influence in nationalist discourses\u2014a growing body of Puerto Rican scholarship has documented how blackness is often socially marked as an inferior, ugly, dirty, unintelligent, backward identity\u2013that is also reduced to a primitive hyper-sexuality (particularly in the case of black women), equated with disorder, superstition, servitude, danger, and heavily criminalized. Puerto Rican scholars have done important work on these different aspects and manifestations of racism and the exclusion of blackness from nationalist narratives &#8211; particularly in the late 1990\u2019s and 2000. (c.f. Alegr\u00eda and R\u00edos 2005; Cardona 1997; D\u00edaz-Qui\u00f1onez 1985; Findlay 1999; Franco and Ort\u00edz 2004; Giusti 1996; Godreau 2002a, 2002b, 2003; Guerra 1998; Rivera 2003; Rivero 2005; Santiago-Valles 1994, 1995; Santos-Febres 1993; Torres 1998; Zen\u00f3n-Cruz 1975 among others)&#8230;<\/p>\n<p>Read the entire paper <a href=\"http:\/\/webs.oss.cayey.upr.edu\/iii\/sites\/webs.oss.cayey.upr.edu.iii\/files\/u1\/Cuaderno_6.pdf\" target=\"_blank\">here<\/a>.<\/p>\n","protected":false},"excerpt":{"rendered":"<p>Scripts of Blackness and the Racial Dynamics of Nationalism in Puerto Rico Papers of the Institute for Interdisciplinary Research University of Puerto Rico, Cayey Volume 6 (2009) 38 pages Dr. Isar P. Godreau Institute of Interdisciplinary Research University of Puerto Rico, Cayey National identity, no matter how differently defined, is often constructed through claims to [&hellip;]<\/p>\n","protected":false},"author":1,"featured_media":0,"comment_status":"closed","ping_status":"closed","sticky":false,"template":"","format":"standard","meta":{"footnotes":""},"categories":[1649,21,459,8,14,394,20],"tags":[10587,2654,10612],"class_list":["post-34912","post","type-post","status-publish","format-standard","hentry","category-anthropology","category-latincarib","category-history","category-media-archive","category-papers","category-socialscience","category-usa","tag-isar-p-godreau","tag-puerto-rico","tag-university-of-puerto-rico"],"_links":{"self":[{"href":"https:\/\/mixedracestudies.org\/wp\/index.php?rest_route=\/wp\/v2\/posts\/34912","targetHints":{"allow":["GET"]}}],"collection":[{"href":"https:\/\/mixedracestudies.org\/wp\/index.php?rest_route=\/wp\/v2\/posts"}],"about":[{"href":"https:\/\/mixedracestudies.org\/wp\/index.php?rest_route=\/wp\/v2\/types\/post"}],"author":[{"embeddable":true,"href":"https:\/\/mixedracestudies.org\/wp\/index.php?rest_route=\/wp\/v2\/users\/1"}],"replies":[{"embeddable":true,"href":"https:\/\/mixedracestudies.org\/wp\/index.php?rest_route=%2Fwp%2Fv2%2Fcomments&post=34912"}],"version-history":[{"count":1,"href":"https:\/\/mixedracestudies.org\/wp\/index.php?rest_route=\/wp\/v2\/posts\/34912\/revisions"}],"predecessor-version":[{"id":49713,"href":"https:\/\/mixedracestudies.org\/wp\/index.php?rest_route=\/wp\/v2\/posts\/34912\/revisions\/49713"}],"wp:attachment":[{"href":"https:\/\/mixedracestudies.org\/wp\/index.php?rest_route=%2Fwp%2Fv2%2Fmedia&parent=34912"}],"wp:term":[{"taxonomy":"category","embeddable":true,"href":"https:\/\/mixedracestudies.org\/wp\/index.php?rest_route=%2Fwp%2Fv2%2Fcategories&post=34912"},{"taxonomy":"post_tag","embeddable":true,"href":"https:\/\/mixedracestudies.org\/wp\/index.php?rest_route=%2Fwp%2Fv2%2Ftags&post=34912"}],"curies":[{"name":"wp","href":"https:\/\/api.w.org\/{rel}","templated":true}]}}