{"id":35522,"date":"2014-01-17T20:08:29","date_gmt":"2014-01-17T20:08:29","guid":{"rendered":"http:\/\/www.mixedracestudies.org\/wordpress\/?p=35522"},"modified":"2017-04-02T16:08:40","modified_gmt":"2017-04-02T16:08:40","slug":"amon-mein-grosvater-hatte-mich-erschossen-amon-my-grandfather-would-have-shot-me","status":"publish","type":"post","link":"https:\/\/mixedracestudies.org\/wp\/?p=35522","title":{"rendered":"Amon: Mein Gro\u00dfvater h\u00e4tte mich erschossen [Amon: My Grandfather Would Have Shot Me]"},"content":{"rendered":"<p><strong><em><a href=\"http:\/\/www.rowohlt.de\/buch\/Jennifer_Teege_Amon.3055190.html\" target=\"_blank\">Amon: Mein Gro\u00dfvater h\u00e4tte mich erschossen [Amon: My Grandfather Would Have Shot Me]<\/a><\/em><\/strong><\/p>\n<p><a href=\"http:\/\/www.rowohlt.de\" target=\"_blank\">Rowohlt Verlag<\/a><br \/>\n2013-09-20<br \/>\n272 pages<br \/>\nHardcover ISBN 978-3-498-06493-8<\/p>\n<p><strong><a href=\"http:\/\/www.jennifer-teege.de\/\" target=\"_blank\">Jennifer Teege<\/a><\/strong> with <strong><a href=\"http:\/\/www.rowohlt.de\/autor\/Nikola_Sellmair.3070241.html\" target=\"_blank\">Nikola Sellmair<\/a><\/strong><\/p>\n<p><a href=\"http:\/\/www.rowohlt.de\/buch\/Jennifer_Teege_Amon.3055190.html\" target=\"_blank\"><img decoding=\"async\" src=\"http:\/\/www.rowohlt.de\/fm\/501\/thumbnails\/978-3-498-06493-8.jpg.650471.jpg\" alt=\"\" border=\"0\" \/><\/a><\/p>\n<p>Es ist ein Schock, der ihr ganzes Selbstverst\u00e4ndnis ersch\u00fcttert: Mit 38 Jahren erf\u00e4hrt Jennifer Teege durch einen Zufall, wer sie ist. In einer Bibliothek findet sie ein Buch \u00fcber ihre Mutter und ihren Gro\u00dfvater Amon G\u00f6th. Millionen Menschen kennen G\u00f6ths Geschichte. In Steven Spielbergs Film \u00abSchindlers Liste\u00bb ist der brutale KZ-Kommandant der Saufkumpan und Gegenspieler des Judenretters Oskar Schindler. G\u00f6th war verantwortlich f\u00fcr den Tod tausender Menschen und wurde 1946 geh\u00e4ngt. Seine Lebensgef\u00e4hrtin Ruth Irene, Jennifer Teeges geliebte Gro\u00dfmutter, begeht 1983 Selbstmord.<\/p>\n<p>Jennifer Teege ist die Tochter einer Deutschen und eines Nigerianers. Sie wurde bei Adoptiveltern gro\u00df und hat danach in Israel studiert. Jetzt ist sie mit einem Familiengeheimnis konfrontiert, das sie nicht mehr ruhen l\u00e4sst. Wie kann sie ihren j\u00fcdischen Freunden noch unter die Augen treten? Und was soll sie ihren eigenen Kindern erz\u00e4hlen? Jennifer Teege besch\u00e4ftigt sich intensiv mit der Vergangenheit. Sie trifft ihre Mutter wieder, die sie viele Jahre nicht gesehen hat.<\/p>\n<p>Gemeinsam mit der Journalistin Nikola Sellmair recherchiert sie ihre Familiengeschichte, sucht die Orte der Vergangenheit noch einmal auf, reist nach Israel und nach Polen. Schritt f\u00fcr Schritt wird aus dem Schock \u00fcber die Abgr\u00fcnde der eigenen Familie die Geschichte einer Befreiung.<\/p>\n","protected":false},"excerpt":{"rendered":"<p>At age 38, Jennifer Teege happened to pluck a library book from the shelf\u2014and discovered a horrifying fact: Her grandfather was Amon Goeth, the vicious Nazi commandant depicted in Schindler\u2019s List. Reviled as the \u201cbutcher of P\u0142asz\u00f3w,\u201d Goeth was executed in 1946. The more Teege learned about him, the more certain she became: If her grandfather had met her\u2014a black woman\u2014he would have killed her.<\/p>\n","protected":false},"author":1,"featured_media":0,"comment_status":"closed","ping_status":"closed","sticky":false,"template":"","format":"standard","meta":{"footnotes":""},"categories":[395,1245,11,28,8,17],"tags":[3228,2948,16807,16808,16806],"class_list":["post-35522","post","type-post","status-publish","format-standard","hentry","category-autobiography","category-biography","category-books","category-europe","category-media-archive","category-monographs","tag-afro-germans","tag-germany","tag-jennifer-teege","tag-nikola-sellmair","tag-rowohlt-verlag"],"_links":{"self":[{"href":"https:\/\/mixedracestudies.org\/wp\/index.php?rest_route=\/wp\/v2\/posts\/35522","targetHints":{"allow":["GET"]}}],"collection":[{"href":"https:\/\/mixedracestudies.org\/wp\/index.php?rest_route=\/wp\/v2\/posts"}],"about":[{"href":"https:\/\/mixedracestudies.org\/wp\/index.php?rest_route=\/wp\/v2\/types\/post"}],"author":[{"embeddable":true,"href":"https:\/\/mixedracestudies.org\/wp\/index.php?rest_route=\/wp\/v2\/users\/1"}],"replies":[{"embeddable":true,"href":"https:\/\/mixedracestudies.org\/wp\/index.php?rest_route=%2Fwp%2Fv2%2Fcomments&post=35522"}],"version-history":[{"count":2,"href":"https:\/\/mixedracestudies.org\/wp\/index.php?rest_route=\/wp\/v2\/posts\/35522\/revisions"}],"predecessor-version":[{"id":53184,"href":"https:\/\/mixedracestudies.org\/wp\/index.php?rest_route=\/wp\/v2\/posts\/35522\/revisions\/53184"}],"wp:attachment":[{"href":"https:\/\/mixedracestudies.org\/wp\/index.php?rest_route=%2Fwp%2Fv2%2Fmedia&parent=35522"}],"wp:term":[{"taxonomy":"category","embeddable":true,"href":"https:\/\/mixedracestudies.org\/wp\/index.php?rest_route=%2Fwp%2Fv2%2Fcategories&post=35522"},{"taxonomy":"post_tag","embeddable":true,"href":"https:\/\/mixedracestudies.org\/wp\/index.php?rest_route=%2Fwp%2Fv2%2Ftags&post=35522"}],"curies":[{"name":"wp","href":"https:\/\/api.w.org\/{rel}","templated":true}]}}