{"id":37244,"date":"2014-09-03T20:56:25","date_gmt":"2014-09-03T20:56:25","guid":{"rendered":"http:\/\/www.mixedracestudies.org\/wordpress\/?p=37244"},"modified":"2014-09-03T20:56:25","modified_gmt":"2014-09-03T20:56:25","slug":"mothly-guest-author-araujo-emanoel","status":"publish","type":"post","link":"https:\/\/mixedracestudies.org\/wp\/?p=37244","title":{"rendered":"Mothly Guest Author: Ara\u00fajo, Emanoel"},"content":{"rendered":"<p><a href=\"http:\/\/www.globalartmuseum.de\/site\/guest_author\/214\" target=\"_blank\"><em><strong>Mothly Guest Author: Ara\u00fajo, Emanoel<\/strong><\/em><\/a><\/p>\n<p><a href=\"http:\/\/www.globalartmuseum.de\" target=\"_blank\">GAM \u2013 Global Art and the Museum<\/a><br \/>\nKarlsruhe, Germany<br \/>\nMarch 2009<\/p>\n<p><em>This month it is a great pleasure for us to present as our fifth guest author <a href=\"http:\/\/www.museuafrobrasil.org.br\/visite-o-mab\" target=\"_blank\">Emanoel Ara\u00fajo<\/a>, founder of the <a href=\"http:\/\/www.museuafrobrasil.org.br\" target=\"_blank\">Museu AfroBrasil<\/a>, who was interviewed by <a href=\"http:\/\/www.globalartmuseum.de\/site\/person\/4\" target=\"_blank\">Hans Belting<\/a> on the occasion of the first GAM Platform in S\u00e3o Paulo in 2008. In this interview Ara\u00fajo not only discusses the role of contemporary art in today\u2019s Brazil, but also provides us a deep insight into the creation of this unique institution throughout the world.<\/em><\/p>\n<p><strong>The Museu AfroBrasil in S\u00e3o Paulo. A New Museum Concept<\/strong><\/p>\n<p>The Museu AfroBrasil was created by municipal decree on November 20, 2003\u2014Black Awareness Day\u2014in a ceremony attended by state representatives and the Afro-Brazilian community of S\u00e3o Paulo. On this occasion, the Governor of S\u00e3o Paulo, Geraldo Alkmin, donated the Manoel da N\u00f3brega Pavilion, designed by the Architect Oscar Niemeyer, and located in the beautiful Ibirapuere Park, the city\u2019s central park, to house the Museu AfroBrasil.<\/p>\n<p>The museum opened on October 23, 2004 with Museu AfroBrasil: um Conceito em Perspectiva [Afro-Brazil Museum: a Concept in Perspective]. On November 20 of the same year, the exhibition Brasileiro, Brasileiros [Brazilian, Brazilians] was dedicated to the presence of the three races in Brazil. \u201cSome people may not accept the idea of racial mixture that Brazil represents,\u201d said Ara\u00fajo, current director of the museum. The Museu AfroBrasil, as the visitor\u2019s guide explains, \u201caims to tell an alternative Brazilian history. This means it has the complex task of deconstructing an image of the black population constructed from a historically inferior perspective, and of transforming it into a prestigious image founded on equality and belonging, so re-confirming a sense of respect for one of the founding populations of Brazil. [&#8230;] In the 20th century the artistic division created by [&#8230; ] academic art widened. On [the other hand] there were distinguished Black artists who, because they were outside the canon of [&#8230;] art, were considered merely talented craftsmen or, at most, \u2018popular artists\u2019\u2013 [&#8230;] By putting these artists side-by-side the Museum would like to highlight the historical and ultimately arbitrary nature of this separation, and emphasize the intrinsic value of the works by Black artists for which these distinctions lose all meaning.\u201d<\/p>\n<p><strong>Interview with Hans Belting<\/strong><\/p>\n<p><strong>Hans Belting (H.B.):<\/strong> What is the role of contemporary art in Brazil today?<\/p>\n<p><strong>Emanoel Ara\u00fajo (E.A.):<\/strong> I think it was important to create the Bienal de S\u00e3o Paulo to pull Brazil out of her cultural isolation faced by the hegemony of other countries. It was also important for Brazilian art to invite the Swiss artist Max Bill, and his Unidade Tri\u2013Partida [Tripartite Unity] to the biennial in 1951, as his presence consolidated the Concretism movement. Currently, globalization meets with a certain commitment of the galleries and art fairs throughout the world; however, contemporary art in Brazil is marked by a discourse that is not necessarily comprehensible abroad, where the regime of international curators pursues other interests. Usually, artists in Brazil looked beyond borders and identified with the \u2018established\u2019, or the \u2018civilized\u2019, without paying tribute to their roots and to the fact that they mixed with others to become Brazilian. This type of anthropophagia led to a certain mystique without which all artistic expression on this side of the Atlantic would look like second class art&#8230;<\/p>\n<p><strong>&#8230;H.B.:<\/strong> How would you describe the relationship between the museum that you have founded and the community museums of the United States?<\/p>\n<p><strong>E.A.:<\/strong> I do not care for the community museums of the United States, and I am not even sure whether they exist. However, I should add that we are worlds apart from their racial problems. Our ethnic composition is rooted in Portuguese colonialism, and we are Catholic. The Portuguese, a people born out of many races, where ethnic mixing comes with enforced rule, are very different from the Calvinist protestant formation of the United States. Our colors, and there are many, were perversely created to allow for a system of racial democracy, where the white established a pact in the definition of race according to color. Brazil was not only a slave- driven society, but also the last country in the Americas to free its slaves on whose labor wealth was based. This labor was used to grow sugarcane, tobacco, coffee and to mine for gold and precious stones, and today Brazil has still not come to terms with the question of this slave-driven society. In the nineteenth century, when slavery was flourishing, some blacks were more important than they are today. There were Negro poets, journalists, jurists, physicians, editors, writers and engineers. Negroes were forgotten after slavery was abolished in 1888, with the military coup of the republic carried out by the land-owning elites, the oligarchies of Brazil. The exodus to the periphery of major towns and cities, and the lack of any formal education for the people made, and continues to make a very big difference between Brazil and the United States&#8230;<\/p>\n<p>Read the entire interview <a href=\"http:\/\/www.globalartmuseum.de\/site\/guest_author\/214\" target=\"_blank\">here<\/a>.<\/p>\n","protected":false},"excerpt":{"rendered":"<p>Mothly Guest Author: Ara\u00fajo, Emanoel GAM \u2013 Global Art and the Museum Karlsruhe, Germany March 2009 This month it is a great pleasure for us to present as our fifth guest author Emanoel Ara\u00fajo, founder of the Museu AfroBrasil, who was interviewed by Hans Belting on the occasion of the first GAM Platform in S\u00e3o [&hellip;]<\/p>\n","protected":false},"author":1,"featured_media":0,"comment_status":"closed","ping_status":"closed","sticky":false,"template":"","format":"standard","meta":{"footnotes":""},"categories":[1649,12,24,83,21,459,8],"tags":[17834,17836,17835],"class_list":["post-37244","post","type-post","status-publish","format-standard","hentry","category-anthropology","category-articles","category-arts","category-brazil","category-latincarib","category-history","category-media-archive","tag-emanoel-araujo","tag-gam-global-art-and-the-museum","tag-hans-belting"],"_links":{"self":[{"href":"https:\/\/mixedracestudies.org\/wp\/index.php?rest_route=\/wp\/v2\/posts\/37244","targetHints":{"allow":["GET"]}}],"collection":[{"href":"https:\/\/mixedracestudies.org\/wp\/index.php?rest_route=\/wp\/v2\/posts"}],"about":[{"href":"https:\/\/mixedracestudies.org\/wp\/index.php?rest_route=\/wp\/v2\/types\/post"}],"author":[{"embeddable":true,"href":"https:\/\/mixedracestudies.org\/wp\/index.php?rest_route=\/wp\/v2\/users\/1"}],"replies":[{"embeddable":true,"href":"https:\/\/mixedracestudies.org\/wp\/index.php?rest_route=%2Fwp%2Fv2%2Fcomments&post=37244"}],"version-history":[{"count":0,"href":"https:\/\/mixedracestudies.org\/wp\/index.php?rest_route=\/wp\/v2\/posts\/37244\/revisions"}],"wp:attachment":[{"href":"https:\/\/mixedracestudies.org\/wp\/index.php?rest_route=%2Fwp%2Fv2%2Fmedia&parent=37244"}],"wp:term":[{"taxonomy":"category","embeddable":true,"href":"https:\/\/mixedracestudies.org\/wp\/index.php?rest_route=%2Fwp%2Fv2%2Fcategories&post=37244"},{"taxonomy":"post_tag","embeddable":true,"href":"https:\/\/mixedracestudies.org\/wp\/index.php?rest_route=%2Fwp%2Fv2%2Ftags&post=37244"}],"curies":[{"name":"wp","href":"https:\/\/api.w.org\/{rel}","templated":true}]}}