{"id":45512,"date":"2016-02-04T02:03:29","date_gmt":"2016-02-04T02:03:29","guid":{"rendered":"http:\/\/www.mixedracestudies.org\/?p=45512"},"modified":"2016-02-04T02:03:29","modified_gmt":"2016-02-04T02:03:29","slug":"mexico-finally-recognized-its-black-citizens-but-thats-just-the-beginning","status":"publish","type":"post","link":"https:\/\/mixedracestudies.org\/wp\/?p=45512","title":{"rendered":"Mexico Finally Recognized Its Black Citizens, But That&#8217;s Just The Beginning"},"content":{"rendered":"<p><em><strong><a href=\"http:\/\/www.huffingtonpost.com\/entry\/mexico-finally-recognized-its-black-citizens-but-thats-just-the-beginning_us_568d2d9ce4b0c8beacf50f6b\" target=\"_blank\">Mexico Finally Recognized Its Black Citizens, But That&#8217;s Just The Beginning<\/a><\/strong><\/em><\/p>\n<p><a href=\"http:\/\/www.huffingtonpost.com\" target=\"_blank\">The Huffington Post<\/a><br \/>\n2016-01-27<\/p>\n<p><a href=\"https:\/\/twitter.com\/krithikaltheory\" target=\"_blank\"><strong>Krithika Varagur<\/strong><\/a><br \/>\nAssociate Editor, What&#8217;s Working<\/p>\n<p><em>In Mexico, like everywhere, identity is complex.<\/em><\/p>\n<p>Last month, for the first time ever, the Mexican government recognized its 1.38 million citizens of African descent in a national survey. The survey served as a preliminary count before the 2020 national census, where &#8220;black&#8221; will debut as an official category.<\/p>\n<p>A major force behind the government&#8217;s recognition was M\u00e9xico Negro, an activist group founded in 1997 by Sergio Pe\u00f1aloza P\u00e9rez, a school teacher of African descent. M\u00e9xico Negro works for, among other initiatives, the constitutional recognition of Afro-Mexicans and to increase the visibility of Afro-Mexican culture.<\/p>\n<p>The Huffington Post recently caught up with Pe\u00f1aloza to discuss his organization, why recognition matters and what&#8217;s next for black Mexicans&#8230;<\/p>\n<p>&#8230;<strong>Why Has It Taken So Long?<\/strong><\/p>\n<p>Until last month, Mexico was <a href=\"https:\/\/www.colorlines.com\/articles\/mexico-finally-recognizes-afro-mexicans-national-census\" target=\"_blank\" data-beacon=\"{&quot;p&quot;:{&quot;mnid&quot;:&quot;entry_text&quot;,&quot;lnid&quot;:&quot;citation&quot;,&quot;mpid&quot;:9}}\"><span style=\"color: #2e7061;\">one of only two Latin-American countries<\/span><\/a> (the other is Chile) to not officially count its black population. As a result, the move to recognize Afro-Mexicans has been met with some pushback from Mexicans who believe that <a href=\"http:\/\/jg.socialsciences.manchester.ac.uk\/Peasants\/mestizaje.html\" target=\"_blank\" data-beacon=\"{&quot;p&quot;:{&quot;mnid&quot;:&quot;entry_text&quot;,&quot;lnid&quot;:&quot;citation&quot;,&quot;mpid&quot;:10}}\"><span style=\"color: #2e7061;\">mestizo identity<\/span><\/a> (the mix between indigenous people and Europeans) is more important than specific ethnicities.<\/p>\n<p>Mexico&#8217;s post-revolutionary government made a conscious effort to create a national mixed-race identity that melded Hispanic, indigenous and African ethnicities.\u00a0Article 2 of Mexico&#8217;s 1917\u00a0<a href=\"https:\/\/www.constituteproject.org\/constitution\/Mexico_2007.pdf\" target=\"_blank\" data-beacon=\"{&quot;p&quot;:{&quot;mnid&quot;:&quot;entry_text&quot;,&quot;lnid&quot;:&quot;citation&quot;,&quot;mpid&quot;:11}}\"><span style=\"color: #2e7061;\">Constitution<\/span><\/a>\u00a0recognized its &#8220;multicultural composition,&#8221; and today,\u00a0<a href=\"https:\/\/www.cia.gov\/library\/publications\/the-world-factbook\/geos\/mx.html\" target=\"_blank\" data-beacon=\"{&quot;p&quot;:{&quot;mnid&quot;:&quot;entry_text&quot;,&quot;lnid&quot;:&quot;citation&quot;,&quot;mpid&quot;:12}}\"><span style=\"color: #2e7061;\">over 60%<\/span><\/a> of Mexicans identify as mestizos.\u00a0So in modern Mexico, &#8220;blackness&#8221; is <a href=\"http:\/\/www.nytimes.com\/2014\/10\/26\/world\/americas\/negro-prieto-moreno-a-question-of-identity-for-black-mexicans.html?_r=0\" target=\"_blank\" data-beacon=\"{&quot;p&quot;:{&quot;mnid&quot;:&quot;entry_text&quot;,&quot;lnid&quot;:&quot;citation&quot;,&quot;mpid&quot;:13}}\"><span style=\"color: #2e7061;\">still a tenuous identity,<\/span><\/a>\u00a0and many use labels like<strong>\u00a0<\/strong>&#8220;criollo&#8221; (creole) or &#8220;moreno&#8221; rather than the ones black Mexicans tend to prefer.\u00a0Pe\u00f1aloza, for instance,\u00a0describes himself as &#8220;afrodescendiente (of African descent), negro (black), or afromexicano (Afro-Mexican).&#8221;&#8230;<\/p>\n<p>Read the entire article <a href=\"http:\/\/www.huffingtonpost.com\/entry\/mexico-finally-recognized-its-black-citizens-but-thats-just-the-beginning_us_568d2d9ce4b0c8beacf50f6b\" target=\"_blank\">here<\/a>.<\/p>\n","protected":false},"excerpt":{"rendered":"<p>Mexico Finally Recognized Its Black Citizens, But That&#8217;s Just The Beginning The Huffington Post 2016-01-27 Krithika Varagur Associate Editor, What&#8217;s Working In Mexico, like everywhere, identity is complex. Last month, for the first time ever, the Mexican government recognized its 1.38 million citizens of African descent in a national survey. The survey served as a [&hellip;]<\/p>\n","protected":false},"author":1,"featured_media":0,"comment_status":"closed","ping_status":"closed","sticky":false,"template":"","format":"standard","meta":{"footnotes":""},"categories":[1649,12,21,33,459,8,103],"tags":[4633,2343,22871,22870,2425],"class_list":["post-45512","post","type-post","status-publish","format-standard","hentry","category-anthropology","category-articles","category-latincarib","category-census","category-history","category-media-archive","category-mexico","tag-afro-mexicans","tag-afromexicans","tag-krithika-varagur","tag-sergio-penaloza-perez","tag-the-huffington-post"],"_links":{"self":[{"href":"https:\/\/mixedracestudies.org\/wp\/index.php?rest_route=\/wp\/v2\/posts\/45512","targetHints":{"allow":["GET"]}}],"collection":[{"href":"https:\/\/mixedracestudies.org\/wp\/index.php?rest_route=\/wp\/v2\/posts"}],"about":[{"href":"https:\/\/mixedracestudies.org\/wp\/index.php?rest_route=\/wp\/v2\/types\/post"}],"author":[{"embeddable":true,"href":"https:\/\/mixedracestudies.org\/wp\/index.php?rest_route=\/wp\/v2\/users\/1"}],"replies":[{"embeddable":true,"href":"https:\/\/mixedracestudies.org\/wp\/index.php?rest_route=%2Fwp%2Fv2%2Fcomments&post=45512"}],"version-history":[{"count":1,"href":"https:\/\/mixedracestudies.org\/wp\/index.php?rest_route=\/wp\/v2\/posts\/45512\/revisions"}],"predecessor-version":[{"id":45513,"href":"https:\/\/mixedracestudies.org\/wp\/index.php?rest_route=\/wp\/v2\/posts\/45512\/revisions\/45513"}],"wp:attachment":[{"href":"https:\/\/mixedracestudies.org\/wp\/index.php?rest_route=%2Fwp%2Fv2%2Fmedia&parent=45512"}],"wp:term":[{"taxonomy":"category","embeddable":true,"href":"https:\/\/mixedracestudies.org\/wp\/index.php?rest_route=%2Fwp%2Fv2%2Fcategories&post=45512"},{"taxonomy":"post_tag","embeddable":true,"href":"https:\/\/mixedracestudies.org\/wp\/index.php?rest_route=%2Fwp%2Fv2%2Ftags&post=45512"}],"curies":[{"name":"wp","href":"https:\/\/api.w.org\/{rel}","templated":true}]}}