{"id":48105,"date":"2016-07-04T21:01:30","date_gmt":"2016-07-04T21:01:30","guid":{"rendered":"http:\/\/www.mixedracestudies.org\/?p=48105"},"modified":"2017-03-08T16:18:40","modified_gmt":"2017-03-08T16:18:40","slug":"uniting-blacks-in-a-raceless-nation-blackness-afro-cuban-culture-and-mestizaje-in-the-prose-and-poetry-of-nicolas-guillen","status":"publish","type":"post","link":"https:\/\/mixedracestudies.org\/wp\/?p=48105","title":{"rendered":"Uniting Blacks in a Raceless Nation: Blackness, Afro-Cuban Culture, and Mestizaje in the Prose and Poetry of Nicol\u00e1s Guill\u00e9n"},"content":{"rendered":"<p><a href=\"http:\/\/www.bucknell.edu\/script\/upress\/book.asp?f=s&amp;id=3561\" target=\"_blank\"><em><strong>Uniting Blacks in a Raceless Nation: Blackness, Afro-Cuban Culture, and Mestizaje in the Prose and Poetry of Nicol\u00e1s Guill\u00e9n<\/strong><\/em><\/a><\/p>\n<p><a href=\"http:\/\/www.bucknell.edu\/UniversityPress\" target=\"_blank\">Bucknell University Press<\/a><br \/>\nMay 2016<br \/>\n274 pages<br \/>\nSize: 6 x 9<br \/>\nHardback ISBN: 978-1-61148-758-9<br \/>\neBook ISBN: 978-1-61148-759-6<\/p>\n<p><a href=\"http:\/\/www.victoria.ac.nz\/slc\/about\/staff\/miguel-arnedo-gomez\" target=\"_blank\"><strong>Miguel Arnedo-G\u00f3mez<\/strong><\/a>, Senior Lecturer<br \/>\nSpanish and Latin American Studies Program<br \/>\n<em>Victoria University of Wellington, New Zealand<\/em><\/p>\n<p><a href=\"http:\/\/www.bucknell.edu\/script\/upress\/book.asp?f=s&amp;id=3561\" target=\"_blank\"><img decoding=\"async\" src=\"http:\/\/www.bucknell.edu\/script\/upress\/photo.aspx?id=3561\" width=\"300\" border=\"0\" \/><\/a><\/p>\n<p>The Cuban writer <a href=\"https:\/\/en.wikipedia.org\/wiki\/Nicol%C3%A1s_Guill%C3%A9n\" target=\"_blank\">Nicol\u00e1s Guill\u00e9n<\/a> has traditionally been considered a poet of <a href=\"http:\/\/www.mixedracestudies.org\/?p=14551\" target=\"_blank\"><em>mestizaje<\/em><\/a>, a term that, whilst denoting racial mixture, also refers to a homogenizing nationalist discourse that proclaims the harmonious nature of Cuban identity. Yet, many aspects of Guill\u00e9n&#8217;s work enhance black Cuban and Afro-Cuban identities. Miguel Arnedo-G\u00f3mez explores this paradox in Guill\u00e9n&#8217;s pre-<a href=\"https:\/\/en.wikipedia.org\/wiki\/Cuban_Revolution\" target=\"_blank\">Cuban Revolution<\/a> writings placing them alongside contemporaneous intellectual discourses that feigned adherence to the homogenizing ideology whilst upholding black interests. On the basis of links with these and other 1930s Cuban discourses, Arnedo-G\u00f3mez shows Guill\u00e9n&#8217;s work to contain a message of black unity aimed at the black middle classes. Furthermore, against a tendency to seek a single authorial consciousness &#8211; be it <a href=\"http:\/\/www.mixedracestudies.org\/?p=451\" target=\"_blank\">mulatto<\/a> or based on a North American construction of blackness &#8211; Guill\u00e9n&#8217;s prose and poetry are also characterized as a struggle for a viable identity in a socio-culturally heterogeneous society.<\/p>\n","protected":false},"excerpt":{"rendered":"<p>The Cuban writer Nicol\u00e1s Guill\u00e9n has traditionally been considered a poet of mestizaje, a term that, whilst denoting racial mixture, also refers to a homogenizing nationalist discourse that proclaims the harmonious nature of Cuban identity. Yet, many aspects of Guill\u00e9n&#8217;s work enhance black Cuban and Afro-Cuban identities.<\/p>\n","protected":false},"author":1,"featured_media":0,"comment_status":"closed","ping_status":"closed","sticky":false,"template":"","format":"standard","meta":{"footnotes":""},"categories":[11,21,1196,8,17],"tags":[24407,673,24408,8382],"class_list":["post-48105","post","type-post","status-publish","format-standard","hentry","category-books","category-latincarib","category-literary-criticism","category-media-archive","category-monographs","tag-bucknell-university-press","tag-cuba","tag-miguel-arnedo-gomez","tag-nicolas-guillen"],"_links":{"self":[{"href":"https:\/\/mixedracestudies.org\/wp\/index.php?rest_route=\/wp\/v2\/posts\/48105","targetHints":{"allow":["GET"]}}],"collection":[{"href":"https:\/\/mixedracestudies.org\/wp\/index.php?rest_route=\/wp\/v2\/posts"}],"about":[{"href":"https:\/\/mixedracestudies.org\/wp\/index.php?rest_route=\/wp\/v2\/types\/post"}],"author":[{"embeddable":true,"href":"https:\/\/mixedracestudies.org\/wp\/index.php?rest_route=\/wp\/v2\/users\/1"}],"replies":[{"embeddable":true,"href":"https:\/\/mixedracestudies.org\/wp\/index.php?rest_route=%2Fwp%2Fv2%2Fcomments&post=48105"}],"version-history":[{"count":2,"href":"https:\/\/mixedracestudies.org\/wp\/index.php?rest_route=\/wp\/v2\/posts\/48105\/revisions"}],"predecessor-version":[{"id":52220,"href":"https:\/\/mixedracestudies.org\/wp\/index.php?rest_route=\/wp\/v2\/posts\/48105\/revisions\/52220"}],"wp:attachment":[{"href":"https:\/\/mixedracestudies.org\/wp\/index.php?rest_route=%2Fwp%2Fv2%2Fmedia&parent=48105"}],"wp:term":[{"taxonomy":"category","embeddable":true,"href":"https:\/\/mixedracestudies.org\/wp\/index.php?rest_route=%2Fwp%2Fv2%2Fcategories&post=48105"},{"taxonomy":"post_tag","embeddable":true,"href":"https:\/\/mixedracestudies.org\/wp\/index.php?rest_route=%2Fwp%2Fv2%2Ftags&post=48105"}],"curies":[{"name":"wp","href":"https:\/\/api.w.org\/{rel}","templated":true}]}}