{"id":49487,"date":"2016-10-17T00:07:26","date_gmt":"2016-10-17T00:07:26","guid":{"rendered":"http:\/\/www.mixedracestudies.org\/?p=49487"},"modified":"2016-10-17T01:14:55","modified_gmt":"2016-10-17T01:14:55","slug":"too-black-for-mexico-cecile-smetana-photographs-the-afro-mexicans-stigmatized-for-the-color-of-their-skin","status":"publish","type":"post","link":"https:\/\/mixedracestudies.org\/wp\/?p=49487","title":{"rendered":"Too Black for Mexico \u2014\u00a0C\u00e9cile Smetana Photographs the Afro-Mexicans Stigmatized for the Color of Their Skin"},"content":{"rendered":"<p><a href=\"http:\/\/fotoroom.co\/diaspora-costa-chica-cecile-smetana\/\" target=\"_blank\"><em><strong>Too Black for Mexico \u2014\u00a0C\u00e9cile Smetana Photographs the Afro-Mexicans Stigmatized for the Color of Their Skin<\/strong><\/em><\/a><\/p>\n<p><a href=\"http:\/\/fotoroom.co\" target=\"_blank\">FotoRoom<\/a><br \/>\n2016-10-10<\/p>\n<p>Photos by <a href=\"http:\/\/www.cecilesmetana.eu\" target=\"_blank\"><strong>C\u00e9cile Smetana Baudier<\/strong><\/a><\/p>\n<p>31 year-old French-Danish photographer <a href=\"http:\/\/www.cecilesmetana.eu\" target=\"_blank\">C\u00e9cile Smetana Baudier<\/a>\u00a0discusses <em>Diaspora: Costa Chica<\/em>, a <a href=\"http:\/\/fotoroom.co\/tag\/subjective-reportage\" target=\"_blank\">subjective reportage<\/a> from a coastal area of <a href=\"https:\/\/en.wikipedia.org\/wiki\/Mexico\" target=\"_blank\">Mexico<\/a> where C\u00e9cile lived with a\u00a0minority ethnic group: the <a href=\"https:\/\/en.wikipedia.org\/wiki\/Afro-Mexicans\" target=\"_blank\">Mexicans of African descent<\/a>. Her beautiful <a href=\"http:\/\/www.cecilesmetana.eu\/3304287-diaspora-costa-chica#1\" target=\"_blank\">portraits and landscape photographs<\/a> introduce us to this community living at the margins of their society, and sometimes victim of racist stereotypes.<\/p>\n<p><strong>Hello C\u00e9cile, thank you for this interview. What inspired your new series\u00a0<a href=\"http:\/\/www.cecilesmetana.eu\/3304287-diaspora-costa-chica#1\" target=\"_blank\"><em>Diaspora: Costa Chica<\/em><\/a>?<\/strong><\/p>\n<p>I was living in <a href=\"https:\/\/en.wikipedia.org\/wiki\/Oaxaca_City\" target=\"_blank\">Oaxaca city<\/a> in Mexico and was researching on a different project;\u00a0however when I started working on it\u00a0I never got a connection with the girls\u00a0I was photographing. I was not in a very positive state of mind.<\/p>\n<p>One day I was sitting at the dentist\u2019s office. A lot of his clients where other photographers and therefore he had all these photography books on the table. I started looking through them and I stumbled across one about the Afro-Mexican community in <a href=\"https:\/\/en.wikipedia.org\/wiki\/Costa_Chica_of_Guerrero\" target=\"_blank\">Costa Chica<\/a>, an area that expands from the state of <a href=\"https:\/\/en.wikipedia.org\/wiki\/Oaxaca\" target=\"_blank\">Oaxaca<\/a> to the coast of Guerrero. I didn\u2019t know that there were any communities of people of African descent in Mexico and I started researching on the subject. I found the <a href=\"http:\/\/www.mixedracestudies.org\/?p=8794\" target=\"_blank\">photos of Tony Gleaton<\/a>, an American photographer who dedicated his life to portray Afro communities and I was very much inspired by him, which becomes very clear when comparing my own images to his&#8230;<\/p>\n<p>Read the entire interview and view the gallery <a href=\"http:\/\/fotoroom.co\/diaspora-costa-chica-cecile-smetana\/\" target=\"_blank\">here<\/a>.<\/p>\n","protected":false},"excerpt":{"rendered":"<p>Too Black for Mexico \u2014\u00a0C\u00e9cile Smetana Photographs the Afro-Mexicans Stigmatized for the Color of Their Skin FotoRoom 2016-10-10 Photos by C\u00e9cile Smetana Baudier 31 year-old French-Danish photographer C\u00e9cile Smetana Baudier\u00a0discusses Diaspora: Costa Chica, a subjective reportage from a coastal area of Mexico where C\u00e9cile lived with a\u00a0minority ethnic group: the Mexicans of African descent. Her [&hellip;]<\/p>\n","protected":false},"author":1,"featured_media":0,"comment_status":"closed","ping_status":"closed","sticky":false,"template":"","format":"standard","meta":{"footnotes":""},"categories":[12,24,21,8,103],"tags":[4633,2343,25231,25229,8471,25230,147],"class_list":["post-49487","post","type-post","status-publish","format-standard","hentry","category-articles","category-arts","category-latincarib","category-media-archive","category-mexico","tag-afro-mexicans","tag-afromexicans","tag-cecile-smetana","tag-cecile-smetana-baudier","tag-costa-chica","tag-fotoroom","tag-photography"],"_links":{"self":[{"href":"https:\/\/mixedracestudies.org\/wp\/index.php?rest_route=\/wp\/v2\/posts\/49487","targetHints":{"allow":["GET"]}}],"collection":[{"href":"https:\/\/mixedracestudies.org\/wp\/index.php?rest_route=\/wp\/v2\/posts"}],"about":[{"href":"https:\/\/mixedracestudies.org\/wp\/index.php?rest_route=\/wp\/v2\/types\/post"}],"author":[{"embeddable":true,"href":"https:\/\/mixedracestudies.org\/wp\/index.php?rest_route=\/wp\/v2\/users\/1"}],"replies":[{"embeddable":true,"href":"https:\/\/mixedracestudies.org\/wp\/index.php?rest_route=%2Fwp%2Fv2%2Fcomments&post=49487"}],"version-history":[{"count":2,"href":"https:\/\/mixedracestudies.org\/wp\/index.php?rest_route=\/wp\/v2\/posts\/49487\/revisions"}],"predecessor-version":[{"id":49492,"href":"https:\/\/mixedracestudies.org\/wp\/index.php?rest_route=\/wp\/v2\/posts\/49487\/revisions\/49492"}],"wp:attachment":[{"href":"https:\/\/mixedracestudies.org\/wp\/index.php?rest_route=%2Fwp%2Fv2%2Fmedia&parent=49487"}],"wp:term":[{"taxonomy":"category","embeddable":true,"href":"https:\/\/mixedracestudies.org\/wp\/index.php?rest_route=%2Fwp%2Fv2%2Fcategories&post=49487"},{"taxonomy":"post_tag","embeddable":true,"href":"https:\/\/mixedracestudies.org\/wp\/index.php?rest_route=%2Fwp%2Fv2%2Ftags&post=49487"}],"curies":[{"name":"wp","href":"https:\/\/api.w.org\/{rel}","templated":true}]}}