{"id":62031,"date":"2021-11-02T14:10:55","date_gmt":"2021-11-02T14:10:55","guid":{"rendered":"http:\/\/www.mixedracestudies.org\/?p=62031"},"modified":"2021-11-12T16:07:19","modified_gmt":"2021-11-12T16:07:19","slug":"acculturation-of-mixed-race-people-and-or-adoptees","status":"publish","type":"post","link":"https:\/\/mixedracestudies.org\/wp\/?p=62031","title":{"rendered":"Acculturation of mixed-race people and\/or adoptees"},"content":{"rendered":"<p><a href=\"https:\/\/programmation.maifsocialclub.fr\/evenements\/acculturation-des-personnes-metisses-et-ou-adoptees-2\/\" target=\"_blank\" rel=\"noopener\"><em><strong>Acculturation of mixed-race people and\/or adoptees<\/strong><\/em><\/a><\/p>\n<p><a href=\"https:\/\/www.maifsocialclub.fr\/\" target=\"_blank\" rel=\"noopener\">MAIF Social Club<\/a><br \/>\n37 Rue de Turenne<br \/>\n75003 Paris, France<br \/>\n<strong>2021-11-09, 18:30 CET (Local Time)<\/strong><\/p>\n<p><a href=\"https:\/\/programmation.maifsocialclub.fr\/evenements\/acculturation-des-personnes-metisses-et-ou-adoptees-2\/\" target=\"_blank\" rel=\"noopener\"><img decoding=\"async\" style=\"width: 550px; border: 0;\" src=\"https:\/\/mixedracestudies.org\/wp\/wp-content\/uploads\/2021\/11\/Conference.jpg\"><\/a><\/p>\n<p>For its 4th edition in <a href=\"https:\/\/en.wikipedia.org\/wiki\/France\" target=\"_blank\" rel=\"noopener\">France<\/a>, the National Adoption Awareness Month, organized by the director <strong><a href=\"\/\/en.wikipedia.org\/wiki\/Amandine_Gay\" target=\"_blank\" rel=\"noopener\">Amandine Gay<\/a><\/strong>, offers a comparative view between the experience of transracial adoptees and mixed-race people.<\/p>\n<p>&#8220;Acculturation of mixed-race people and\/or adoptees&#8221; conference will welcome:<\/p>\n<ul>\n<li><strong>Nina Daboussi<\/strong> (podcaster of Le cul entre deux chaises)<\/li>\n<li><a href=\"https:\/\/programmation.maifsocialclub.fr\/intervenants\/jacqueline-ogier\/\" target=\"_blank\" rel=\"noopener\"><strong>Jacqueline Ogier<\/strong><\/a> (spokeperson for the F\u00e9d\u00e9ration des Enfants D\u00e9racin\u00e9s des d\u00e9partements et r\u00e9gions d\u2019outre-mer)<\/li>\n<li><a href=\"https:\/\/www.icmigrations.cnrs.fr\/solene-brun\/\" target=\"_blank\" rel=\"noopener\"><strong>Sol\u00e8ne Brun<\/strong><\/a> (sociologist)<\/li>\n<li><a href=\"https:\/\/www.linkedin.com\/in\/nora-el-massioui-88772a50\/\" target=\"_blank\" rel=\"noopener\"><strong>Nora el Massioui<\/strong><\/a> and <a href=\"https:\/\/twitter.com\/mcommemetissee\" target=\"_blank\" rel=\"noopener\"><strong>Sophie Rakotondrasoa<\/strong><\/a>&nbsp;for the 1 Cul 2 Chaises collective<\/li>\n<\/ul>\n<p>The event is free, with subscription and in French.<\/p>\n<p>The conference will be recorded and available later on, at the MAIF online channel.<\/p>\n<p>For more information, click <a href=\"https:\/\/programmation.maifsocialclub.fr\/evenements\/acculturation-des-personnes-metisses-et-ou-adoptees-2\/\" target=\"_blank\" rel=\"noopener\">here<\/a>.<\/p>\n","protected":false},"excerpt":{"rendered":"<p>For its 4th edition in France, the National Adoption Awareness Month, organized by the director Amandine Gay, offers a comparative view between the experience of transracial adoptees and mixed-race people.<\/p>\n","protected":false},"author":1,"featured_media":0,"comment_status":"closed","ping_status":"closed","sticky":false,"template":"","format":"standard","meta":{"footnotes":""},"categories":[414,13,8,4481],"tags":[687,32252,96,32253,32258,32254,32256,27534,32255,32257],"class_list":["post-62031","post","type-post","status-publish","format-standard","hentry","category-family","category-liveevents","category-media-archive","category-social-work","tag-adoption","tag-amandine-gay","tag-france","tag-jacqueline-ogier","tag-maif-social-club","tag-nina-daboussi","tag-nora-el-massioui","tag-paris","tag-solene-brun","tag-sophie-rakotondrasoa"],"_links":{"self":[{"href":"https:\/\/mixedracestudies.org\/wp\/index.php?rest_route=\/wp\/v2\/posts\/62031","targetHints":{"allow":["GET"]}}],"collection":[{"href":"https:\/\/mixedracestudies.org\/wp\/index.php?rest_route=\/wp\/v2\/posts"}],"about":[{"href":"https:\/\/mixedracestudies.org\/wp\/index.php?rest_route=\/wp\/v2\/types\/post"}],"author":[{"embeddable":true,"href":"https:\/\/mixedracestudies.org\/wp\/index.php?rest_route=\/wp\/v2\/users\/1"}],"replies":[{"embeddable":true,"href":"https:\/\/mixedracestudies.org\/wp\/index.php?rest_route=%2Fwp%2Fv2%2Fcomments&post=62031"}],"version-history":[{"count":6,"href":"https:\/\/mixedracestudies.org\/wp\/index.php?rest_route=\/wp\/v2\/posts\/62031\/revisions"}],"predecessor-version":[{"id":62202,"href":"https:\/\/mixedracestudies.org\/wp\/index.php?rest_route=\/wp\/v2\/posts\/62031\/revisions\/62202"}],"wp:attachment":[{"href":"https:\/\/mixedracestudies.org\/wp\/index.php?rest_route=%2Fwp%2Fv2%2Fmedia&parent=62031"}],"wp:term":[{"taxonomy":"category","embeddable":true,"href":"https:\/\/mixedracestudies.org\/wp\/index.php?rest_route=%2Fwp%2Fv2%2Fcategories&post=62031"},{"taxonomy":"post_tag","embeddable":true,"href":"https:\/\/mixedracestudies.org\/wp\/index.php?rest_route=%2Fwp%2Fv2%2Ftags&post=62031"}],"curies":[{"name":"wp","href":"https:\/\/api.w.org\/{rel}","templated":true}]}}