{"id":63012,"date":"2022-02-09T03:42:55","date_gmt":"2022-02-09T03:42:55","guid":{"rendered":"http:\/\/www.mixedracestudies.org\/?p=63012"},"modified":"2022-02-09T03:45:44","modified_gmt":"2022-02-09T03:45:44","slug":"slavery-took-hold-in-florida-under-the-spanish-in-the-forgotten-century-of-1492-1619","status":"publish","type":"post","link":"https:\/\/mixedracestudies.org\/wp\/?p=63012","title":{"rendered":"Slavery took hold in Florida under the Spanish in the \u2018forgotten century\u2019 of 1492-1619."},"content":{"rendered":"<p><a href=\"https:\/\/www.tampabay.com\/opinion\/2019\/08\/29\/before-1619-africans-and-the-early-history-of-spanish-colonial-florida-and-america-column\/\" target=\"_blank\" rel=\"noopener\"><em><strong>Slavery took hold in Florida under the Spanish in the \u2018forgotten century\u2019 of 1492-1619.<\/strong><\/em><\/a><\/p>\n<p><a href=\"https:\/\/www.tampabay.com\" target=\"_blank\" rel=\"noopener\">Tampa Bay Times<\/a><br \/>\n2019-08-29<\/p>\n<p><strong>J. Michael Francis<\/strong>, Hough Family Endowed Chair<br \/>\n<em>University of South Florida, St. Petersburg<\/em><\/p>\n<p><strong>Gary Mormino<\/strong>, Professor emeritus of History<br \/>\n<em>University of South Florida, St. Petersburg<\/em><\/p>\n<p><strong>Rachel Sanderson<\/strong>, Associate Director, La Florida: The Interactive Digital Archive of the Americas<br \/>\n<em>University of South Florida, St. Petersburg<\/em><\/p>\n<figure><a href=\"https:\/\/www.tampabay.com\/opinion\/2019\/08\/29\/before-1619-africans-and-the-early-history-of-spanish-colonial-florida-and-america-column\/\" target=\"_blank\" rel=\"noopener\"><img decoding=\"async\" style=\"width: 95%; display: block; margin-left: auto; margin-right: auto; border: 0px;\" src=\"https:\/\/www.tampabay.com\/resizer\/\/-w0rDfGY9Cs8kKhPzOXM_iS756E=\/2280x1282\/smart\/arc-anglerfish-arc2-prod-tbt.s3.amazonaws.com\/public\/CAORYQEEJBBXLNIWFWEWXRKFC4.jpg\"><\/a><figcaption style=\"width: 95%; display: block; margin-left: auto; margin-right: auto; font-size: x-small;\">Artistic rendering of Luisa de Abrego and others [ KATE GODFREY | University of South Florida, St. Petersburg ]<\/figcaption><\/figure>\n<p><em>Every 16th century Spanish expedition to <a href=\"https:\/\/en.wikipedia.org\/wiki\/Spanish_Florida\" target=\"_blank\" rel=\"noopener\">Florida<\/a> included Africans, both free and enslaved.<\/em><\/p>\n<p>On Jan. 5, 1595, an infant boy named Esteban was baptized in the small Spanish garrison town of <a href=\"https:\/\/en.wikipedia.org\/wiki\/St._Augustine,_Florida\" target=\"_blank\" rel=\"noopener\">St. Augustine<\/a>. In the priest\u2019s three-line baptism entry, Esteban\u2019s mother is identified only by her first name, Gratia. Described as a slave owned by a Spanish woman named Catalina, Gratia was one of perhaps 50 slaves who lived in St. Augustine at the end of the 16th century. And like Gratia, most of the town\u2019s other slaves appear only briefly in the historical record, with few personal details besides a Christian name: Sim\u00f3n, Mar\u00eda, Agust\u00edn, Francisca, Ana, Baltasar, Felipe or Ambrosio.<\/p>\n<p><iframe loading=\"lazy\" width=\"560\" height=\"315\" src=\"https:\/\/www.youtube.com\/embed\/dzlTU-ELcjQ\" title=\"YouTube video player\" frameborder=\"0\" allow=\"accelerometer; autoplay; clipboard-write; encrypted-media; gyroscope; picture-in-picture\" allowfullscreen=\"\"><\/iframe><\/p>\n<p>Collectively, their long-forgotten stories document and complement a remarkable history that dates back more than a century before the first slaves reached <a href=\"https:\/\/en.wikipedia.org\/wiki\/Colony_of_Virginia\" target=\"_blank\" rel=\"noopener\">Virginia<\/a> in 1619. They portray a society that was fluid and eclectic. By 1619, La Florida\u2019s population included Spaniards, Portuguese, Greeks, Italians, French, Flemish, Germans, two Irishmen, West Africans, Sub-Saharan Africans and a diverse group of Native Americans. In other words, early Florida reflected a population that resembled modern America.<\/p>\n<p>Floridanos of African descent were present from the earliest Spanish expeditions to the peninsula. Most readers are familiar with the founding myth of Florida and <a href=\"https:\/\/en.wikipedia.org\/wiki\/Juan_Ponce_de_Le%C3%B3n\" target=\"_blank\" rel=\"noopener\">Juan Ponce de Le\u00f3n\u2019s<\/a> alleged search for the <a href=\"https:\/\/en.wikipedia.org\/wiki\/Fountain_of_Youth\" target=\"_blank\" rel=\"noopener\">Fountain of Youth<\/a>. However, his 1513 voyage takes on a different complexion when we understand the crew\u2019s composition, which included several free blacks. One of them, <a href=\"https:\/\/en.wikipedia.org\/wiki\/Juan_Garrido\" target=\"_blank\" rel=\"noopener\">Juan Garrido<\/a>, a native of <a href=\"https:\/\/en.wikipedia.org\/wiki\/West_Africa\" target=\"_blank\" rel=\"noopener\">West Africa<\/a>, later participated in <a href=\"https:\/\/en.wikipedia.org\/wiki\/Hern%C3%A1n_Cort%C3%A9s\" target=\"_blank\" rel=\"noopener\">Hernando Cort\u00e9s\u2019s<\/a> 1519 <a href=\"https:\/\/en.wikipedia.org\/wiki\/Hern%C3%A1n_Cort%C3%A9s#Cort%C3%A9s_and_the_%22Spiritual_Conquest%22_of_Mexico\" target=\"_blank\" rel=\"noopener\">conquest of Mexico<\/a>, where he lived over the next two decades, participating in numerous conquest expeditions. In a lengthy petition submitted to the Spanish Crown in 1538, Garrido highlighted his three-decade career as a \u201cconquistador,\u201d adding that he commissioned the construction of <a href=\"https:\/\/en.wikipedia.org\/wiki\/Mexico_City\" target=\"_blank\" rel=\"noopener\">Mexico City\u2019s<\/a> first Christian chapel and that he was the one who introduced wheat into <a href=\"https:\/\/en.wikipedia.org\/wiki\/New_Spain\" target=\"_blank\" rel=\"noopener\">Mexico<\/a>&#8230;<\/p>\n<p>Read the entire article <a href=\"https:\/\/www.tampabay.com\/opinion\/2019\/08\/29\/before-1619-africans-and-the-early-history-of-spanish-colonial-florida-and-america-column\/\" target=\"_blank\" rel=\"noopener\">here<\/a>.<\/p>\n","protected":false},"excerpt":{"rendered":"<p>Every 16th century Spanish expedition to Florida included Africans, both free and enslaved.<\/p>\n","protected":false},"author":1,"featured_media":0,"comment_status":"closed","ping_status":"closed","sticky":false,"template":"","format":"standard","meta":{"footnotes":""},"categories":[12,21,459,8,103,820,6940,20],"tags":[3707,32968,32967,32972,32971,32969,892,32966,32970,12082],"class_list":["post-63012","post","type-post","status-publish","format-standard","hentry","category-articles","category-latincarib","category-history","category-media-archive","category-mexico","category-religion","category-slavery","category-usa","tag-florida","tag-gary-mormino","tag-j-michael-francis","tag-juan-garrido","tag-la-florida","tag-rachel-sanderson","tag-spain","tag-spanish-florida","tag-st-augustine","tag-tampa-bay-times"],"_links":{"self":[{"href":"https:\/\/mixedracestudies.org\/wp\/index.php?rest_route=\/wp\/v2\/posts\/63012","targetHints":{"allow":["GET"]}}],"collection":[{"href":"https:\/\/mixedracestudies.org\/wp\/index.php?rest_route=\/wp\/v2\/posts"}],"about":[{"href":"https:\/\/mixedracestudies.org\/wp\/index.php?rest_route=\/wp\/v2\/types\/post"}],"author":[{"embeddable":true,"href":"https:\/\/mixedracestudies.org\/wp\/index.php?rest_route=\/wp\/v2\/users\/1"}],"replies":[{"embeddable":true,"href":"https:\/\/mixedracestudies.org\/wp\/index.php?rest_route=%2Fwp%2Fv2%2Fcomments&post=63012"}],"version-history":[{"count":3,"href":"https:\/\/mixedracestudies.org\/wp\/index.php?rest_route=\/wp\/v2\/posts\/63012\/revisions"}],"predecessor-version":[{"id":63015,"href":"https:\/\/mixedracestudies.org\/wp\/index.php?rest_route=\/wp\/v2\/posts\/63012\/revisions\/63015"}],"wp:attachment":[{"href":"https:\/\/mixedracestudies.org\/wp\/index.php?rest_route=%2Fwp%2Fv2%2Fmedia&parent=63012"}],"wp:term":[{"taxonomy":"category","embeddable":true,"href":"https:\/\/mixedracestudies.org\/wp\/index.php?rest_route=%2Fwp%2Fv2%2Fcategories&post=63012"},{"taxonomy":"post_tag","embeddable":true,"href":"https:\/\/mixedracestudies.org\/wp\/index.php?rest_route=%2Fwp%2Fv2%2Ftags&post=63012"}],"curies":[{"name":"wp","href":"https:\/\/api.w.org\/{rel}","templated":true}]}}