{"id":63613,"date":"2022-03-31T16:19:13","date_gmt":"2022-03-31T16:19:13","guid":{"rendered":"http:\/\/www.mixedracestudies.org\/?p=63613"},"modified":"2022-03-31T16:27:20","modified_gmt":"2022-03-31T16:27:20","slug":"latinos-have-many-skin-tones-colorism-means-theyre-treated-differently","status":"publish","type":"post","link":"https:\/\/mixedracestudies.org\/wp\/?p=63613","title":{"rendered":"Latinos have many skin tones. Colorism means they\u2019re treated differently."},"content":{"rendered":"<p><a href=\"https:\/\/www.washingtonpost.com\/nation\/2022\/03\/31\/latinos-have-many-skin-tones-colorism-means-theyre-treated-differently\/\" target=\"_blank\" rel=\"noopener\"><em><strong>Latinos have many skin tones. Colorism means they\u2019re treated differently.<\/strong><\/em><\/a><\/p>\n<p><a href=\"https:\/\/www.washingtonpost.com\/\" target=\"_blank\" rel=\"noopener\">The Washington Post<\/a><br \/>\n2022-03-31<\/p>\n<p><a href=\"https:\/\/twitter.com\/rachelbianca\" target=\"_blank\" rel=\"noopener\"><strong>Rachel Hatzipanagos<\/strong><\/a><\/p>\n<figure><a href=\"https:\/\/www.washingtonpost.com\/nation\/2022\/03\/31\/latinos-have-many-skin-tones-colorism-means-theyre-treated-differently\/\" target=\"_blank\" rel=\"noopener\"><img decoding=\"async\" style=\"width: 75%; display: block;\" src=\"https:\/\/www.washingtonpost.com\/wp-apps\/imrs.php?src=https:\/\/arc-anglerfish-washpost-prod-washpost.s3.amazonaws.com\/public\/5O4CZ7FMTQI6ZCUOTRXJ7R5A3Y.jpg&amp;w=916\"><\/a><figcaption style=\"font-size: x-small; width: 75%; display: block;\">Loribel Peguero, 22, a New York hairstylist, said her darker-skinned grandmother lamented that it was a &#8220;punishment.&#8221; <em>(Christopher Gregory for The Washington Post)<\/em><\/figcaption><\/figure>\n<p>Growing up, Anyin\u00e9 Galv\u00e1n-Rodr\u00edguez was not the darkest-skinned member of her part-Dominican, part-Puerto Rican family, and not the lightest.<\/p>\n<p>\u201cIn every Dominican family, because you have such a melting pot of Spaniard, African and Taino origins, you always have a rainbow of colors,\u201d she said.<\/p>\n<p>Even as a child, Galv\u00e1n-Rodr\u00edguez noticed that her physical features shaped how she was treated. While some grandchildren were praised for their looser curls, Galv\u00e1n-Rodr\u00edguez was chastised for her coarse, curly hair.<\/p>\n<p>\u201cNo one ever directly said, \u2018Oh you have bad hair and because you have bad hair, you\u2019re less than the other cousin,\u2019\u201d said Galv\u00e1n-Rodr\u00edguez, 40. \u201cBut it was said like microaggressions.&#8221;&#8230;<\/p>\n<p><a href=\"https:\/\/www.washingtonpost.com\/nation\/2022\/03\/31\/latinos-have-many-skin-tones-colorism-means-theyre-treated-differently\/\" target=\"_blank\" rel=\"noopener\"><img decoding=\"async\" style=\"width: 67%; display: block; margin-left: auto; margin-right: auto;\" src=\"https:\/\/www.washingtonpost.com\/wp-apps\/imrs.php?src=https:\/\/arc-anglerfish-washpost-prod-washpost.s3.amazonaws.com\/public\/DTBZOH3DNJELZKZGFFOSL6DHCY.jpg&amp;w=916\"><\/a><\/p>\n<p>Read the entire article <a href=\"https:\/\/www.washingtonpost.com\/nation\/2022\/03\/31\/latinos-have-many-skin-tones-colorism-means-theyre-treated-differently\/\" target=\"_blank\" rel=\"noopener\">here<\/a>.<\/p>\n","protected":false},"excerpt":{"rendered":"<p>Latinos have many skin tones. Colorism means they\u2019re treated differently. The Washington Post 2022-03-31 Rachel Hatzipanagos Loribel Peguero, 22, a New York hairstylist, said her darker-skinned grandmother lamented that it was a &#8220;punishment.&#8221; (Christopher Gregory for The Washington Post) Growing up, Anyin\u00e9 Galv\u00e1n-Rodr\u00edguez was not the darkest-skinned member of her part-Dominican, part-Puerto Rican family, and [&hellip;]<\/p>\n","protected":false},"author":1,"featured_media":0,"comment_status":"closed","ping_status":"closed","sticky":false,"template":"","format":"standard","meta":{"footnotes":""},"categories":[12,33,14646,8,20],"tags":[33371,33388,33392,33389,240,33391,33393,33390,33387,2113,5161,32592,2875,2581],"class_list":["post-63613","post","type-post","status-publish","format-standard","hentry","category-articles","category-census","category-latino","category-media-archive","category-usa","tag-anyine-galvan-rodriguez","tag-ariana-debose","tag-ashley-marte","tag-carolina-contreras","tag-colorism","tag-dahlma-llanos-figueroa","tag-enmanuel-perez","tag-lorgia-garcia-pena","tag-rachel-hatzipanagos","tag-tanya-hernandez","tag-tanya-k-hernandez","tag-tanya-kateri-hernandez-2","tag-the-washington-post","tag-washington-post"],"_links":{"self":[{"href":"https:\/\/mixedracestudies.org\/wp\/index.php?rest_route=\/wp\/v2\/posts\/63613","targetHints":{"allow":["GET"]}}],"collection":[{"href":"https:\/\/mixedracestudies.org\/wp\/index.php?rest_route=\/wp\/v2\/posts"}],"about":[{"href":"https:\/\/mixedracestudies.org\/wp\/index.php?rest_route=\/wp\/v2\/types\/post"}],"author":[{"embeddable":true,"href":"https:\/\/mixedracestudies.org\/wp\/index.php?rest_route=\/wp\/v2\/users\/1"}],"replies":[{"embeddable":true,"href":"https:\/\/mixedracestudies.org\/wp\/index.php?rest_route=%2Fwp%2Fv2%2Fcomments&post=63613"}],"version-history":[{"count":4,"href":"https:\/\/mixedracestudies.org\/wp\/index.php?rest_route=\/wp\/v2\/posts\/63613\/revisions"}],"predecessor-version":[{"id":63619,"href":"https:\/\/mixedracestudies.org\/wp\/index.php?rest_route=\/wp\/v2\/posts\/63613\/revisions\/63619"}],"wp:attachment":[{"href":"https:\/\/mixedracestudies.org\/wp\/index.php?rest_route=%2Fwp%2Fv2%2Fmedia&parent=63613"}],"wp:term":[{"taxonomy":"category","embeddable":true,"href":"https:\/\/mixedracestudies.org\/wp\/index.php?rest_route=%2Fwp%2Fv2%2Fcategories&post=63613"},{"taxonomy":"post_tag","embeddable":true,"href":"https:\/\/mixedracestudies.org\/wp\/index.php?rest_route=%2Fwp%2Fv2%2Ftags&post=63613"}],"curies":[{"name":"wp","href":"https:\/\/api.w.org\/{rel}","templated":true}]}}